{"id":18186,"date":"2026-03-11T23:06:12","date_gmt":"2026-03-11T22:06:12","guid":{"rendered":"https:\/\/janfigel.com\/?p=18186"},"modified":"2026-03-23T22:29:38","modified_gmt":"2026-03-23T21:29:38","slug":"a-realizmus-utja-a-bekehez-tul-az-ukrajnai-haborun-lehetseges-forgatokonyvek-es-remeny-europa-szamara","status":"publish","type":"post","link":"https:\/\/janfigel.com\/sk\/2026\/03\/11\/a-realizmus-utja-a-bekehez-tul-az-ukrajnai-haborun-lehetseges-forgatokonyvek-es-remeny-europa-szamara\/","title":{"rendered":"A realizmus \u00fatja a b\u00e9k\u00e9hez: t\u00fal az ukrajnai h\u00e1bor\u00fan \u2013 Lehets\u00e9ges forgat\u00f3k\u00f6nyvek \u00e9s rem\u00e9ny Eur\u00f3pa sz\u00e1m\u00e1ra"},"content":{"rendered":"<p><strong>Logikus \u00e9s f\u00e1jdalmasan nyilv\u00e1nval\u00f3, hogy h\u00e1bor\u00fat kezdeni mindig k\u00f6nnyebb \u00e9s gyorsabb, mint befejezni azt. Az Ukrajn\u00e1ban, G\u00e1z\u00e1ban, Ir\u00e1nban \u00e9s a K\u00f6zel-Keleten zajl\u00f3 bels\u0151 \u00e9s nemzetk\u00f6zi h\u00e1bor\u00fak ezt egyar\u00e1nt igazolj\u00e1k. A h\u00e1bor\u00fa \u00f6nmag\u00e1ban nem hoz \u00faj el\u0151ny\u00f6ket, csup\u00e1n szenved\u00e9st, puszt\u00edt\u00e1st \u00e9s instabilit\u00e1st. Fontos azonban hangs\u00falyozni, hogy a vil\u00e1gban n\u00f6vekv\u0151 nyugtalans\u00e1g \u00e9s fesz\u00fclts\u00e9g ellen\u00e9re sem szabad feladnunk az\u00e9rt tett er\u0151fesz\u00edt\u00e9seinket, hogy egy b\u00e9k\u00e9sebb \u00e9s emberibb \u00e9vsz\u00e1zadban \u00e9lhess\u00fcnk.<\/strong><\/p>\n\n\n\n<figure class=\"wp-block-image size-large\"><img loading=\"lazy\" decoding=\"async\" width=\"1024\" height=\"682\" src=\"https:\/\/janfigel.com\/wp-content\/uploads\/2026\/03\/image-1024x682.png\" alt=\"\" class=\"wp-image-18187\" srcset=\"https:\/\/janfigel.com\/wp-content\/uploads\/2026\/03\/image-1024x682.png 1024w, https:\/\/janfigel.com\/wp-content\/uploads\/2026\/03\/image-300x200.png 300w, https:\/\/janfigel.com\/wp-content\/uploads\/2026\/03\/image-768x512.png 768w, https:\/\/janfigel.com\/wp-content\/uploads\/2026\/03\/image-18x12.png 18w, https:\/\/janfigel.com\/wp-content\/uploads\/2026\/03\/image.png 1280w\" sizes=\"auto, (max-width: 1024px) 100vw, 1024px\" \/><\/figure>\n\n\n\n<p><strong>A Kelet-Eur\u00f3p\u00e1ban zajl\u00f3 konfliktusok kapcs\u00e1n jelenleg h\u00e1rom forgat\u00f3k\u00f6nyv k\u00e9pzelhet\u0151 el: egy rossz, egy sokkal rosszabb \u00e9s egy rem\u00e9nyt kelt\u0151.<\/strong><\/p>\n\n\n\n<p>\u201eAz els\u0151 forgat\u00f3k\u00f6nyv szerint \u2013 ami jelenleg a legval\u00f3sz\u00edn\u0171bb -, hogy folytat\u00f3dik a h\u00e1bor\u00fa.&nbsp;<a href=\"https:\/\/mandiner.hu\/ukrajna-6\">Ukrajna<\/a>&nbsp;m\u00e1r n\u00e9gy \u00e9ve v\u00e9rzik, embereket, ter\u00fcletet \u00e9s infrastrukt\u00far\u00e1t vesz\u00edt. \u00c9sszer\u0171 politikai megold\u00e1s \u00e9s konstrukt\u00edv diplom\u00e1ciai er\u0151fesz\u00edt\u00e9sek hi\u00e1ny\u00e1ban csak a puszt\u00edt\u00f3 katonai \u00fat marad. Hab\u00e1r az oroszorsz\u00e1gi infrastrukt\u00far\u00e1t \u00e9s l\u00e9tes\u00edtm\u00e9nyeket sz\u00e1mos t\u00e1mad\u00e1s \u00e9ri, azt tiszt\u00e1n kell l\u00e1tni, hogy Oroszorsz\u00e1g k\u00e9pes egy hossz\u00fa, kimer\u00edt\u0151 h\u00e1bor\u00fa folytat\u00e1s\u00e1ra. M\u00e9g a kollekt\u00edv Nyugat t\u00e1mogat\u00e1s\u00e1val sem rendelkezik Ukrajna elegend\u0151 er\u0151vel ahhoz, hogy kiszor\u00edtsa az orosz csapatokat, s\u0151t m\u00e9g ahhoz sem, hogy meg\u00e1ll\u00edtsa \u0151ket.<\/p>\n\n\n\n<p>A m\u00e1sodik forgat\u00f3k\u00f6nyv sokkal bor\u00fal\u00e1t\u00f3bb, hiszen nem z\u00e1rhat\u00f3 ki egy katasztr\u00f3fa sem a h\u00e1bor\u00fa tov\u00e1bbi eszkal\u00e1ci\u00f3j\u00e1val. Senkit sem kell arra eml\u00e9keztetni, hogy k\u00e9t vil\u00e1gh\u00e1bor\u00fa is Eur\u00f3p\u00e1b\u00f3l indult ki, a 20. sz\u00e1zad trag\u00e9di\u00e1i pedig megism\u00e9tl\u0151dhetnek, ha az eszkal\u00e1ci\u00f3 folytat\u00f3dik, vagy ha a fanatizmus teret nyer. Azt l\u00e1tjuk, hogy a NATO nem tudott b\u00f6lcs \u00e9s hat\u00e9kony h\u00e1bor\u00famegel\u0151z\u00e9si politik\u00e1t kialak\u00edtani, az Eur\u00f3pai Uni\u00f3 pedig fokozatosan a Schuman-f\u00e9le b\u00e9keprojekt eredm\u00e9ny\u00e9b\u0151l a b\u00e9ke puszta \u00e9lvez\u0151j\u00e9v\u00e9 v\u00e1lt. A NATO \u00e9s az EU \u00e1ltal ma \u00f6szt\u00f6nz\u00f6tt p\u00e9ld\u00e1tlan fegyverkez\u00e9s ugyan elrettentheti a j\u00f6v\u0151beli agresszi\u00f3t \u00e9s er\u0151s\u00edtheti a v\u00e9delmi ipart, de nem hoz b\u00e9k\u00e9t, \u00e9s nem teremt j\u00f3l\u00e9tet.<\/p>\n\n\n\n<p>Sajn\u00e1latos m\u00f3don Franciaorsz\u00e1g \u00e9s N\u00e9metorsz\u00e1g nem volt el\u00e9gg\u00e9 elk\u00f6telezett a minszki meg\u00e1llapod\u00e1sok v\u00e9grehajt\u00e1s\u00e1nak biztos\u00edt\u00e1sa mellett, ennek hi\u00e1ny\u00e1ban pedig Ukrajna nem maradhatott egys\u00e9ges, demokratikus \u00e9s t\u00f6bbnemzetis\u00e9g\u0171 \u00e1llam. A 2022 febru\u00e1rja ut\u00e1ni helyzetben egy val\u00f3di b\u00e9kemeg\u00e1llapod\u00e1s \u2013 amelyet Oroszorsz\u00e1g \u00e9s Ukrajna is elfogad, \u00e9s amelyet az Egyes\u00fclt \u00c1llamok \u00e9s Eur\u00f3pa t\u00e1mogat \u2013 csak akkor j\u00f6het l\u00e9tre, ha fordulat k\u00f6vetkezik be a k\u00e9t meghat\u00e1roz\u00f3 f\u00e9l, az Egyes\u00fclt \u00c1llamok \u00e9s az Oroszorsz\u00e1gi F\u00f6der\u00e1ci\u00f3 kapcsolat\u00e1ban, hiszen a jelenlegi k\u00f6zvetett h\u00e1bor\u00faban val\u00f3j\u00e1ban \u0151k is \u00e9rintett felek. Ez a harmadik forgat\u00f3k\u00f6nyv az egyetlen, ami rem\u00e9nyt kelt\u0151 a j\u00f6v\u0151re n\u00e9zve. Ez a fordulat azonban csak akkor v\u00e1lhat lehet\u0151v\u00e9, ha Donald Trump eln\u00f6knek az&nbsp;<a href=\"https:\/\/mandiner.hu\/ukrajnai_haboru\">ukrajnai h\u00e1bor\u00fa<\/a>&nbsp;le\u00e1ll\u00edt\u00e1s\u00e1ra ir\u00e1nyul\u00f3 elt\u00f6k\u00e9lts\u00e9ge \u2013 amelyet a Vlagyimir Putyin eln\u00f6kkel tartott alaszkai cs\u00facstal\u00e1lkoz\u00f3n is meger\u0151s\u00edtett \u2013 tov\u00e1bbra is fennmarad.<\/p>\n\n\n\n<p><strong>Eur\u00f3pa \u00e9p\u00edt\u00e9se a b\u00e9ke \u00e9p\u00edt\u00e9s\u00e9t jelenti<\/strong><\/p>\n\n\n\n<p>A hadvisel\u0151 felek sz\u00e1m\u00e1ra elfogadhat\u00f3 b\u00e9kemeg\u00e1llapod\u00e1s, azaz a felt\u00e9telek \u00e9s megold\u00e1sok \u00e1tfog\u00f3 csomagja m\u00e9g nem sz\u00fcletett meg, ez\u00e9rt minden konstrukt\u00edv er\u0151fesz\u00edt\u00e9st \u00e9rt\u00e9kelni kell, amely az orosz\u2013ukr\u00e1n meg\u00e1llapod\u00e1s fel\u00e9 vezet.<\/p>\n\n\n\n<p>Az eur\u00f3pai nagyhatalmak (Franciaorsz\u00e1g, N\u00e9metorsz\u00e1g, Egyes\u00fclt Kir\u00e1lys\u00e1g) az elm\u00falt \u00e9vtizedben nem tudt\u00e1k biztos\u00edtani a b\u00e9k\u00e9t Ukrajn\u00e1ban. A jelenlegi uni\u00f3s vezet\u00e9s sajn\u00e1latos m\u00f3don sem gondolkod\u00e1sm\u00f3dj\u00e1ban, sem gyakorlat\u00e1ban nem k\u00f6veti Robert Schuman \u00e9s Konrad Adenauer \u2013 a m\u00e1sodik vil\u00e1gh\u00e1bor\u00fa ut\u00e1ni megb\u00e9k\u00e9lt \u00e9s egyes\u00fclt Nyugat-Eur\u00f3pa alap\u00edt\u00f3 aty\u00e1inak \u2013 p\u00e9ld\u00e1j\u00e1t.<\/p>\n\n\n\n<p>A t\u00f6rt\u00e9nelem sor\u00e1n megtanultuk, hogy a b\u00e9k\u00e9hez vezet\u0151 \u00fat sz\u0171k \u00e9s neh\u00e9z. Jean Monnet szellem\u00e9ben Eur\u00f3pa \u00e9p\u00edt\u00e9se egyet jelent a b\u00e9ke \u00e9p\u00edt\u00e9s\u00e9vel. Egy ilyen v\u00edzi\u00f3 azonban \u00faj \u00e9s er\u0151s alapokat ig\u00e9nyel, de a strat\u00e9giai paradigmav\u00e1lt\u00e1s neh\u00e9z k\u00e9rd\u00e9seket vet fel: Lehets\u00e9ges-e 180 fokos fordulat a nagyhatalmak politikai, biztons\u00e1gi \u00e9s gazdas\u00e1gi kapcsolataiban? Lehets\u00e9ges-e a kelet-eur\u00f3pai h\u00e1bor\u00fat anyagi \u00e9rtelemben lehetetlenn\u00e9 tenni, \u00e9s a b\u00e9k\u00e9t tart\u00f3ss\u00e1 \u00e9s stabill\u00e1 alak\u00edtani? Megval\u00f3s\u00edthat\u00f3-e mindez r\u00f6vid id\u0151n bel\u00fcl?<\/p>\n\n\n\n<p>Meggy\u0151z\u0151d\u00e9sem, hogy a jelenlegi geopolitikai helyzet lehet\u0151v\u00e9 teszi, hogy mindh\u00e1rom k\u00e9rd\u00e9sre igen legyen a v\u00e1lasz. A javasolt megold\u00e1s tal\u00e1n meglep\u0151 vagy provokat\u00edv, de realista. A realizmus a m\u00e1sodik vil\u00e1gh\u00e1bor\u00fa ut\u00e1ni euroatlanti t\u00f6rt\u00e9nelem tapasztalataira \u00e9s a jelenlegi nemzetk\u00f6zi egyeztet\u00e9sekre \u00e9p\u00fcl.<\/p>\n\n\n\n<p><strong>B\u00e9keforgat\u00f3k\u00f6nyv Schuman \u00e9s Marshall szellem\u00e9ben<\/strong><\/p>\n\n\n\n<p>\u00dagy v\u00e9lem, Kelet-Eur\u00f3p\u00e1ban a b\u00e9ke a Schuman- \u00e9s Marshall-terv elveinek korszer\u0171s\u00edtett kombin\u00e1ci\u00f3j\u00e1val \u00e9rhet\u0151 el. E t\u00f6rt\u00e9nelmi programok eredm\u00e9nyei ma is inspir\u00e1l\u00f3ak \u00e9s \u00e9rv\u00e9nyesek.<\/p>\n\n\n\n<p>Az eredeti Schuman-terv c\u00e9lja az volt, hogy megakad\u00e1lyozza az \u00fajabb h\u00e1bor\u00fat \u00e9s puszt\u00edt\u00e1st Eur\u00f3p\u00e1ban. George Marshall pedig azt javasolta, hogy finansz\u00edrozz\u00e1k az egykori agresszor, N\u00e9metorsz\u00e1g \u00fajj\u00e1\u00e9p\u00edt\u00e9s\u00e9t.<\/p>\n\n\n\n<p>Ma hasonl\u00f3 l\u00e9p\u00e9sre van sz\u00fcks\u00e9g \u00e9s v\u00e9lem\u00e9nyem szerint a Schuman- \u00e9s Marshall-terv 2.0 megval\u00f3s\u00edthat\u00f3. A vezet\u0151k j\u00f6nnek \u00e9s mennek, de a nemzetek megmaradnak, ez\u00e9rt a k\u00e9t szuperhatalom k\u00f6z\u00f6tti konfront\u00e1ci\u00f3 hossz\u00fa t\u00e1v\u00fa strat\u00e9giai egy\u00fcttm\u0171k\u00f6d\u00e9ss\u00e9 alak\u00edt\u00e1sa mindk\u00e9t f\u00e9l \u00e9rdeke.<\/p>\n\n\n\n<p>A b\u00e9ke kezdem\u00e9nyez\u00e9s\u00e9nek alapja egy amerikai\u2013orosz meg\u00e1llapod\u00e1s lehetne. A gazdas\u00e1gi egy\u00fcttm\u0171k\u00f6d\u00e9snek ki kell terjednie a h\u00e1bor\u00fahoz sz\u00fcks\u00e9ges kulcsfontoss\u00e1g\u00fa er\u0151forr\u00e1sokra: az energi\u00e1ra, az infrastrukt\u00far\u00e1ra, a nyersanyagokra \u00e9s a ritkaf\u00f6ldf\u00e9mekre. Ugyan\u00edgy k\u00f6z\u00f6s piacot kellene l\u00e9trehozni az inform\u00e1ci\u00f3s technol\u00f3gi\u00e1k, a mesters\u00e9ges intelligencia \u00e9s a szellemi tulajdon ter\u00fclet\u00e9n. Ez fokozatosan l\u00e9trehozhatna egy \u00faj Nyugat\u2013Kelet k\u00f6z\u00f6ss\u00e9get, amely Alaszk\u00e1t\u00f3l Vlagyivosztokig, Eur\u00f3p\u00e1n \u00e9s K\u00f6z\u00e9p-\u00c1zsi\u00e1n \u00e1t terjedne. Egy ilyen k\u00f6z\u00f6ss\u00e9gben a h\u00e1bor\u00fa elk\u00e9pzelhetetlenn\u00e9 v\u00e1lna, hasonl\u00f3an ahhoz, ahogy Nyugat-Eur\u00f3p\u00e1ban 1950 ut\u00e1n t\u00f6rt\u00e9nt.<\/p>\n\n\n\n<p><strong>M\u00e9lt\u00f3s\u00e1gteljes b\u00e9kemeg\u00e1llapod\u00e1s<\/strong><\/p>\n\n\n\n<p>Egy ilyen \u201enagy meg\u00e1llapod\u00e1s\u201d nemcsak egy \u00faj Nyugat\u2013Kelet k\u00f6z\u00f6ss\u00e9get hozna l\u00e9tre az \u00e9szaki f\u00e9ltek\u00e9n, hanem alapot teremtene egy m\u00e9lt\u00f3s\u00e1gteljes b\u00e9keszerz\u0151d\u00e9shez is, amely elfogadhat\u00f3 az Egyes\u00fclt \u00c1llamok, Oroszorsz\u00e1g, Ukrajna \u00e9s Eur\u00f3pa sz\u00e1m\u00e1ra.<\/p>\n\n\n\n<p>A felt\u00e9teleknek t\u00f6bbek k\u00f6z\u00f6tt tartalmazniuk kellene a menek\u00fcltek \u00e9s kitelep\u00edtettek visszat\u00e9r\u00e9s\u00e9t; az \u00e1llampolg\u00e1rok m\u00e9lt\u00f3s\u00e1g\u00e1nak \u00e9s alapvet\u0151 jogainak tiszteletben tart\u00e1s\u00e1t, bele\u00e9rtve az etnikai kisebbs\u00e9geket; a vitatott ter\u00fcletek ideiglenes, nemzetk\u00f6zi t\u00e1mogat\u00e1ssal m\u0171k\u00f6d\u0151 (ENSZ, EBESZ) \u00e1tmeneti igazgat\u00e1s\u00e1t; a lakoss\u00e1g demokratikus \u00f6nrendelkez\u00e9s\u00e9nek tiszteletben tart\u00e1s\u00e1t; az \u00e1tmeneti igazs\u00e1gszolg\u00e1ltat\u00e1s alkalmaz\u00e1s\u00e1t \u00e9s a jog\u00e1llamis\u00e1g helyre\u00e1ll\u00edt\u00e1s\u00e1t, valamint minden szankci\u00f3 megsz\u00fcntet\u00e9s\u00e9t.<\/p>\n\n\n\n<p>A Marshall-terv 2.0 meghat\u00e1rozn\u00e1 azokat a felt\u00e9teleket \u00e9s eszk\u00f6z\u00f6ket, amelyek gazdas\u00e1gi stabilit\u00e1st, n\u00f6veked\u00e9st \u00e9s j\u00f3l\u00e9tet biztos\u00edtanak. K\u00fcl\u00f6n\u00f6sen fontos lenne a lerombolt ter\u00fcletek \u00e9s infrastrukt\u00fara c\u00e9lzott \u00fajj\u00e1\u00e9p\u00edt\u00e9se.<\/p>\n\n\n\n<p>A tart\u00f3s b\u00e9ke Eur\u00f3p\u00e1ban neh\u00e9z, de nemes \u00e9s \u00e9rt\u00e9kes c\u00e9l. Az innov\u00e1ci\u00f3 pedig nemcsak \u00faj \u00f6tletekb\u0151l sz\u00fcletik, hanem abb\u00f3l is, hogy a r\u00e9gi \u00f6tleteket \u00faj f\u00e9nyben l\u00e1tjuk. Meggy\u0151z\u0151d\u00e9sem, hogy kreat\u00edv, konstrukt\u00edv \u00e9s felel\u0151ss\u00e9gteljes er\u0151fesz\u00edt\u00e9sekkel a k\u00f6zelj\u00f6v\u0151ben fel\u00fclkerekedhet\u00fcnk a konfliktus, az er\u0151szak \u00e9s a h\u00e1bor\u00fa er\u0151in.\u201d<\/p>\n\n\n\n<p><a href=\"https:\/\/mandiner.hu\/kulfold\/2026\/03\/a-realizmus-utja-a-bekehez-tul-az-ukrajnai-haborun-lehetseges-forgatokonyvek-es-remeny-europa-szamara\">https:\/\/mandiner.hu\/kulfold\/2026\/03\/a-realizmus-utja-a-bekehez-tul-az-ukrajnai-haborun-lehetseges-forgatokonyvek-es-remeny-europa-szamara<\/a><br><br><a href=\"https:\/\/corvinak.hu\/velemeny\/2026\/03\/11\/a-realizmus-utja-a-bekehez-tul-az-ukrajnai-haborun-lehetseges-forgatokonyvek-es-remeny-europa-szamara\">https:\/\/corvinak.hu\/velemeny\/2026\/03\/11\/a-realizmus-utja-a-bekehez-tul-az-ukrajnai-haborun-lehetseges-forgatokonyvek-es-remeny-europa-szamara<\/a><\/p>\n\n\n\n<p><\/p>","protected":false},"excerpt":{"rendered":"<p>Logikus \u00e9s f\u00e1jdalmasan nyilv\u00e1nval\u00f3, hogy h\u00e1bor\u00fat kezdeni mindig k\u00f6nnyebb \u00e9s gyorsabb, mint befejezni azt. Az Ukrajn\u00e1ban, G\u00e1z\u00e1ban, Ir\u00e1nban \u00e9s a K\u00f6zel-Keleten zajl\u00f3 bels\u0151 \u00e9s nemzetk\u00f6zi h\u00e1bor\u00fak ezt egyar\u00e1nt igazolj\u00e1k. A h\u00e1bor\u00fa \u00f6nmag\u00e1ban nem hoz \u00faj el\u0151ny\u00f6ket, csup\u00e1n szenved\u00e9st, puszt\u00edt\u00e1st \u00e9s instabilit\u00e1st. Fontos azonban hangs\u00falyozni, hogy a vil\u00e1gban n\u00f6vekv\u0151 nyugtalans\u00e1g \u00e9s fesz\u00fclts\u00e9g ellen\u00e9re sem szabad feladnunk [&hellip;]<\/p>","protected":false},"author":1,"featured_media":18187,"comment_status":"closed","ping_status":"open","sticky":false,"template":"","format":"standard","meta":{"footnotes":""},"categories":[341],"tags":[],"class_list":["post-18186","post","type-post","status-publish","format-standard","has-post-thumbnail","hentry","category-hu"],"yoast_head":"<!-- This site is optimized with the Yoast SEO plugin v26.7 - https:\/\/yoast.com\/wordpress\/plugins\/seo\/ -->\n<title>A realizmus \u00fatja a b\u00e9k\u00e9hez: t\u00fal az ukrajnai h\u00e1bor\u00fan \u2013 Lehets\u00e9ges forgat\u00f3k\u00f6nyvek \u00e9s rem\u00e9ny Eur\u00f3pa sz\u00e1m\u00e1ra - J\u00e1n Fige\u013e<\/title>\n<meta name=\"robots\" content=\"index, follow, max-snippet:-1, max-image-preview:large, max-video-preview:-1\" \/>\n<link rel=\"canonical\" href=\"https:\/\/janfigel.com\/sk\/2026\/03\/11\/a-realizmus-utja-a-bekehez-tul-az-ukrajnai-haborun-lehetseges-forgatokonyvek-es-remeny-europa-szamara\/\" \/>\n<meta property=\"og:locale\" content=\"sk_SK\" \/>\n<meta property=\"og:type\" content=\"article\" \/>\n<meta property=\"og:title\" content=\"A realizmus \u00fatja a b\u00e9k\u00e9hez: t\u00fal az ukrajnai h\u00e1bor\u00fan \u2013 Lehets\u00e9ges forgat\u00f3k\u00f6nyvek \u00e9s rem\u00e9ny Eur\u00f3pa sz\u00e1m\u00e1ra - J\u00e1n Fige\u013e\" \/>\n<meta property=\"og:description\" content=\"Logikus \u00e9s f\u00e1jdalmasan nyilv\u00e1nval\u00f3, hogy h\u00e1bor\u00fat kezdeni mindig k\u00f6nnyebb \u00e9s gyorsabb, mint befejezni azt. Az Ukrajn\u00e1ban, G\u00e1z\u00e1ban, Ir\u00e1nban \u00e9s a K\u00f6zel-Keleten zajl\u00f3 bels\u0151 \u00e9s nemzetk\u00f6zi h\u00e1bor\u00fak ezt egyar\u00e1nt igazolj\u00e1k. A h\u00e1bor\u00fa \u00f6nmag\u00e1ban nem hoz \u00faj el\u0151ny\u00f6ket, csup\u00e1n szenved\u00e9st, puszt\u00edt\u00e1st \u00e9s instabilit\u00e1st. Fontos azonban hangs\u00falyozni, hogy a vil\u00e1gban n\u00f6vekv\u0151 nyugtalans\u00e1g \u00e9s fesz\u00fclts\u00e9g ellen\u00e9re sem szabad feladnunk [&hellip;]\" \/>\n<meta property=\"og:url\" content=\"https:\/\/janfigel.com\/sk\/2026\/03\/11\/a-realizmus-utja-a-bekehez-tul-az-ukrajnai-haborun-lehetseges-forgatokonyvek-es-remeny-europa-szamara\/\" \/>\n<meta property=\"og:site_name\" content=\"J\u00e1n Fige\u013e\" \/>\n<meta property=\"article:publisher\" content=\"https:\/\/www.facebook.com\/p\/Jn-Fige-prv-slovensk-eurokomisr-100064782245760\/\" \/>\n<meta property=\"article:published_time\" content=\"2026-03-11T22:06:12+00:00\" \/>\n<meta property=\"article:modified_time\" content=\"2026-03-23T21:29:38+00:00\" \/>\n<meta property=\"og:image\" content=\"https:\/\/janfigel.com\/wp-content\/uploads\/2026\/03\/image.png\" \/>\n\t<meta property=\"og:image:width\" content=\"1280\" \/>\n\t<meta property=\"og:image:height\" content=\"853\" \/>\n\t<meta property=\"og:image:type\" content=\"image\/png\" \/>\n<meta name=\"author\" content=\"adamjanfigel\" \/>\n<meta name=\"twitter:card\" content=\"summary_large_image\" \/>\n<meta name=\"twitter:creator\" content=\"@janfigel\" \/>\n<meta name=\"twitter:site\" content=\"@janfigel\" \/>\n<meta name=\"twitter:label1\" content=\"Written by\" \/>\n\t<meta name=\"twitter:data1\" content=\"adamjanfigel\" \/>\n\t<meta name=\"twitter:label2\" content=\"Est. reading time\" \/>\n\t<meta name=\"twitter:data2\" content=\"5 minutes\" \/>\n<script type=\"application\/ld+json\" class=\"yoast-schema-graph\">{\"@context\":\"https:\/\/schema.org\",\"@graph\":[{\"@type\":\"Article\",\"@id\":\"https:\/\/janfigel.com\/2026\/03\/11\/a-realizmus-utja-a-bekehez-tul-az-ukrajnai-haborun-lehetseges-forgatokonyvek-es-remeny-europa-szamara\/#article\",\"isPartOf\":{\"@id\":\"https:\/\/janfigel.com\/2026\/03\/11\/a-realizmus-utja-a-bekehez-tul-az-ukrajnai-haborun-lehetseges-forgatokonyvek-es-remeny-europa-szamara\/\"},\"author\":{\"name\":\"adamjanfigel\",\"@id\":\"https:\/\/janfigel.com\/sk\/#\/schema\/person\/41a139a900161f4b4cab75b4d7c55fc1\"},\"headline\":\"A realizmus \u00fatja a b\u00e9k\u00e9hez: t\u00fal az ukrajnai h\u00e1bor\u00fan \u2013 Lehets\u00e9ges forgat\u00f3k\u00f6nyvek \u00e9s rem\u00e9ny Eur\u00f3pa sz\u00e1m\u00e1ra\",\"datePublished\":\"2026-03-11T22:06:12+00:00\",\"dateModified\":\"2026-03-23T21:29:38+00:00\",\"mainEntityOfPage\":{\"@id\":\"https:\/\/janfigel.com\/2026\/03\/11\/a-realizmus-utja-a-bekehez-tul-az-ukrajnai-haborun-lehetseges-forgatokonyvek-es-remeny-europa-szamara\/\"},\"wordCount\":1523,\"publisher\":{\"@id\":\"https:\/\/janfigel.com\/sk\/#organization\"},\"image\":{\"@id\":\"https:\/\/janfigel.com\/2026\/03\/11\/a-realizmus-utja-a-bekehez-tul-az-ukrajnai-haborun-lehetseges-forgatokonyvek-es-remeny-europa-szamara\/#primaryimage\"},\"thumbnailUrl\":\"https:\/\/janfigel.com\/wp-content\/uploads\/2026\/03\/image.png\",\"articleSection\":[\"Magyar\"],\"inLanguage\":\"sk\"},{\"@type\":\"WebPage\",\"@id\":\"https:\/\/janfigel.com\/2026\/03\/11\/a-realizmus-utja-a-bekehez-tul-az-ukrajnai-haborun-lehetseges-forgatokonyvek-es-remeny-europa-szamara\/\",\"url\":\"https:\/\/janfigel.com\/2026\/03\/11\/a-realizmus-utja-a-bekehez-tul-az-ukrajnai-haborun-lehetseges-forgatokonyvek-es-remeny-europa-szamara\/\",\"name\":\"A realizmus \u00fatja a b\u00e9k\u00e9hez: t\u00fal az ukrajnai h\u00e1bor\u00fan \u2013 Lehets\u00e9ges forgat\u00f3k\u00f6nyvek \u00e9s rem\u00e9ny Eur\u00f3pa sz\u00e1m\u00e1ra - J\u00e1n Fige\u013e\",\"isPartOf\":{\"@id\":\"https:\/\/janfigel.com\/sk\/#website\"},\"primaryImageOfPage\":{\"@id\":\"https:\/\/janfigel.com\/2026\/03\/11\/a-realizmus-utja-a-bekehez-tul-az-ukrajnai-haborun-lehetseges-forgatokonyvek-es-remeny-europa-szamara\/#primaryimage\"},\"image\":{\"@id\":\"https:\/\/janfigel.com\/2026\/03\/11\/a-realizmus-utja-a-bekehez-tul-az-ukrajnai-haborun-lehetseges-forgatokonyvek-es-remeny-europa-szamara\/#primaryimage\"},\"thumbnailUrl\":\"https:\/\/janfigel.com\/wp-content\/uploads\/2026\/03\/image.png\",\"datePublished\":\"2026-03-11T22:06:12+00:00\",\"dateModified\":\"2026-03-23T21:29:38+00:00\",\"breadcrumb\":{\"@id\":\"https:\/\/janfigel.com\/2026\/03\/11\/a-realizmus-utja-a-bekehez-tul-az-ukrajnai-haborun-lehetseges-forgatokonyvek-es-remeny-europa-szamara\/#breadcrumb\"},\"inLanguage\":\"sk\",\"potentialAction\":[{\"@type\":\"ReadAction\",\"target\":[\"https:\/\/janfigel.com\/2026\/03\/11\/a-realizmus-utja-a-bekehez-tul-az-ukrajnai-haborun-lehetseges-forgatokonyvek-es-remeny-europa-szamara\/\"]}]},{\"@type\":\"ImageObject\",\"inLanguage\":\"sk\",\"@id\":\"https:\/\/janfigel.com\/2026\/03\/11\/a-realizmus-utja-a-bekehez-tul-az-ukrajnai-haborun-lehetseges-forgatokonyvek-es-remeny-europa-szamara\/#primaryimage\",\"url\":\"https:\/\/janfigel.com\/wp-content\/uploads\/2026\/03\/image.png\",\"contentUrl\":\"https:\/\/janfigel.com\/wp-content\/uploads\/2026\/03\/image.png\",\"width\":1280,\"height\":853},{\"@type\":\"BreadcrumbList\",\"@id\":\"https:\/\/janfigel.com\/2026\/03\/11\/a-realizmus-utja-a-bekehez-tul-az-ukrajnai-haborun-lehetseges-forgatokonyvek-es-remeny-europa-szamara\/#breadcrumb\",\"itemListElement\":[{\"@type\":\"ListItem\",\"position\":1,\"name\":\"Home\",\"item\":\"https:\/\/janfigel.com\/\"},{\"@type\":\"ListItem\",\"position\":2,\"name\":\"A realizmus \u00fatja a b\u00e9k\u00e9hez: t\u00fal az ukrajnai h\u00e1bor\u00fan \u2013 Lehets\u00e9ges forgat\u00f3k\u00f6nyvek \u00e9s rem\u00e9ny Eur\u00f3pa sz\u00e1m\u00e1ra\"}]},{\"@type\":\"WebSite\",\"@id\":\"https:\/\/janfigel.com\/sk\/#website\",\"url\":\"https:\/\/janfigel.com\/sk\/\",\"name\":\"J\u00e1n Fige\u013e\",\"description\":\"\",\"publisher\":{\"@id\":\"https:\/\/janfigel.com\/sk\/#organization\"},\"potentialAction\":[{\"@type\":\"SearchAction\",\"target\":{\"@type\":\"EntryPoint\",\"urlTemplate\":\"https:\/\/janfigel.com\/sk\/?s={search_term_string}\"},\"query-input\":{\"@type\":\"PropertyValueSpecification\",\"valueRequired\":true,\"valueName\":\"search_term_string\"}}],\"inLanguage\":\"sk\"},{\"@type\":\"Organization\",\"@id\":\"https:\/\/janfigel.com\/sk\/#organization\",\"name\":\"J\u00e1n Fige\u013e\",\"url\":\"https:\/\/janfigel.com\/sk\/\",\"logo\":{\"@type\":\"ImageObject\",\"inLanguage\":\"sk\",\"@id\":\"https:\/\/janfigel.com\/sk\/#\/schema\/logo\/image\/\",\"url\":\"https:\/\/janfigel.com\/wp-content\/uploads\/2025\/06\/JF_Navy-Blue-1.png\",\"contentUrl\":\"https:\/\/janfigel.com\/wp-content\/uploads\/2025\/06\/JF_Navy-Blue-1.png\",\"width\":2451,\"height\":2451,\"caption\":\"J\u00e1n Fige\u013e\"},\"image\":{\"@id\":\"https:\/\/janfigel.com\/sk\/#\/schema\/logo\/image\/\"},\"sameAs\":[\"https:\/\/www.facebook.com\/p\/Jn-Fige-prv-slovensk-eurokomisr-100064782245760\/\",\"https:\/\/x.com\/janfigel\",\"https:\/\/sk.linkedin.com\/in\/jn-fige-110354126\",\"https:\/\/www.instagram.com\/figeljan\/\",\"https:\/\/www.youtube.com\/@janfigel_eu\"]},{\"@type\":\"Person\",\"@id\":\"https:\/\/janfigel.com\/sk\/#\/schema\/person\/41a139a900161f4b4cab75b4d7c55fc1\",\"name\":\"adamjanfigel\",\"sameAs\":[\"http:\/\/janfigel.com\"],\"url\":\"https:\/\/janfigel.com\/sk\/author\/admin_ajf\/\"}]}<\/script>\n<!-- \/ Yoast SEO plugin. -->","yoast_head_json":{"title":"A realizmus \u00fatja a b\u00e9k\u00e9hez: t\u00fal az ukrajnai h\u00e1bor\u00fan \u2013 Lehets\u00e9ges forgat\u00f3k\u00f6nyvek \u00e9s rem\u00e9ny Eur\u00f3pa sz\u00e1m\u00e1ra - J\u00e1n Fige\u013e","robots":{"index":"index","follow":"follow","max-snippet":"max-snippet:-1","max-image-preview":"max-image-preview:large","max-video-preview":"max-video-preview:-1"},"canonical":"https:\/\/janfigel.com\/sk\/2026\/03\/11\/a-realizmus-utja-a-bekehez-tul-az-ukrajnai-haborun-lehetseges-forgatokonyvek-es-remeny-europa-szamara\/","og_locale":"sk_SK","og_type":"article","og_title":"A realizmus \u00fatja a b\u00e9k\u00e9hez: t\u00fal az ukrajnai h\u00e1bor\u00fan \u2013 Lehets\u00e9ges forgat\u00f3k\u00f6nyvek \u00e9s rem\u00e9ny Eur\u00f3pa sz\u00e1m\u00e1ra - J\u00e1n Fige\u013e","og_description":"Logikus \u00e9s f\u00e1jdalmasan nyilv\u00e1nval\u00f3, hogy h\u00e1bor\u00fat kezdeni mindig k\u00f6nnyebb \u00e9s gyorsabb, mint befejezni azt. Az Ukrajn\u00e1ban, G\u00e1z\u00e1ban, Ir\u00e1nban \u00e9s a K\u00f6zel-Keleten zajl\u00f3 bels\u0151 \u00e9s nemzetk\u00f6zi h\u00e1bor\u00fak ezt egyar\u00e1nt igazolj\u00e1k. A h\u00e1bor\u00fa \u00f6nmag\u00e1ban nem hoz \u00faj el\u0151ny\u00f6ket, csup\u00e1n szenved\u00e9st, puszt\u00edt\u00e1st \u00e9s instabilit\u00e1st. Fontos azonban hangs\u00falyozni, hogy a vil\u00e1gban n\u00f6vekv\u0151 nyugtalans\u00e1g \u00e9s fesz\u00fclts\u00e9g ellen\u00e9re sem szabad feladnunk [&hellip;]","og_url":"https:\/\/janfigel.com\/sk\/2026\/03\/11\/a-realizmus-utja-a-bekehez-tul-az-ukrajnai-haborun-lehetseges-forgatokonyvek-es-remeny-europa-szamara\/","og_site_name":"J\u00e1n Fige\u013e","article_publisher":"https:\/\/www.facebook.com\/p\/Jn-Fige-prv-slovensk-eurokomisr-100064782245760\/","article_published_time":"2026-03-11T22:06:12+00:00","article_modified_time":"2026-03-23T21:29:38+00:00","og_image":[{"width":1280,"height":853,"url":"https:\/\/janfigel.com\/wp-content\/uploads\/2026\/03\/image.png","type":"image\/png"}],"author":"adamjanfigel","twitter_card":"summary_large_image","twitter_creator":"@janfigel","twitter_site":"@janfigel","twitter_misc":{"Written by":"adamjanfigel","Est. reading time":"5 minutes"},"schema":{"@context":"https:\/\/schema.org","@graph":[{"@type":"Article","@id":"https:\/\/janfigel.com\/2026\/03\/11\/a-realizmus-utja-a-bekehez-tul-az-ukrajnai-haborun-lehetseges-forgatokonyvek-es-remeny-europa-szamara\/#article","isPartOf":{"@id":"https:\/\/janfigel.com\/2026\/03\/11\/a-realizmus-utja-a-bekehez-tul-az-ukrajnai-haborun-lehetseges-forgatokonyvek-es-remeny-europa-szamara\/"},"author":{"name":"adamjanfigel","@id":"https:\/\/janfigel.com\/sk\/#\/schema\/person\/41a139a900161f4b4cab75b4d7c55fc1"},"headline":"A realizmus \u00fatja a b\u00e9k\u00e9hez: t\u00fal az ukrajnai h\u00e1bor\u00fan \u2013 Lehets\u00e9ges forgat\u00f3k\u00f6nyvek \u00e9s rem\u00e9ny Eur\u00f3pa sz\u00e1m\u00e1ra","datePublished":"2026-03-11T22:06:12+00:00","dateModified":"2026-03-23T21:29:38+00:00","mainEntityOfPage":{"@id":"https:\/\/janfigel.com\/2026\/03\/11\/a-realizmus-utja-a-bekehez-tul-az-ukrajnai-haborun-lehetseges-forgatokonyvek-es-remeny-europa-szamara\/"},"wordCount":1523,"publisher":{"@id":"https:\/\/janfigel.com\/sk\/#organization"},"image":{"@id":"https:\/\/janfigel.com\/2026\/03\/11\/a-realizmus-utja-a-bekehez-tul-az-ukrajnai-haborun-lehetseges-forgatokonyvek-es-remeny-europa-szamara\/#primaryimage"},"thumbnailUrl":"https:\/\/janfigel.com\/wp-content\/uploads\/2026\/03\/image.png","articleSection":["Magyar"],"inLanguage":"sk"},{"@type":"WebPage","@id":"https:\/\/janfigel.com\/2026\/03\/11\/a-realizmus-utja-a-bekehez-tul-az-ukrajnai-haborun-lehetseges-forgatokonyvek-es-remeny-europa-szamara\/","url":"https:\/\/janfigel.com\/2026\/03\/11\/a-realizmus-utja-a-bekehez-tul-az-ukrajnai-haborun-lehetseges-forgatokonyvek-es-remeny-europa-szamara\/","name":"A realizmus \u00fatja a b\u00e9k\u00e9hez: t\u00fal az ukrajnai h\u00e1bor\u00fan \u2013 Lehets\u00e9ges forgat\u00f3k\u00f6nyvek \u00e9s rem\u00e9ny Eur\u00f3pa sz\u00e1m\u00e1ra - J\u00e1n Fige\u013e","isPartOf":{"@id":"https:\/\/janfigel.com\/sk\/#website"},"primaryImageOfPage":{"@id":"https:\/\/janfigel.com\/2026\/03\/11\/a-realizmus-utja-a-bekehez-tul-az-ukrajnai-haborun-lehetseges-forgatokonyvek-es-remeny-europa-szamara\/#primaryimage"},"image":{"@id":"https:\/\/janfigel.com\/2026\/03\/11\/a-realizmus-utja-a-bekehez-tul-az-ukrajnai-haborun-lehetseges-forgatokonyvek-es-remeny-europa-szamara\/#primaryimage"},"thumbnailUrl":"https:\/\/janfigel.com\/wp-content\/uploads\/2026\/03\/image.png","datePublished":"2026-03-11T22:06:12+00:00","dateModified":"2026-03-23T21:29:38+00:00","breadcrumb":{"@id":"https:\/\/janfigel.com\/2026\/03\/11\/a-realizmus-utja-a-bekehez-tul-az-ukrajnai-haborun-lehetseges-forgatokonyvek-es-remeny-europa-szamara\/#breadcrumb"},"inLanguage":"sk","potentialAction":[{"@type":"ReadAction","target":["https:\/\/janfigel.com\/2026\/03\/11\/a-realizmus-utja-a-bekehez-tul-az-ukrajnai-haborun-lehetseges-forgatokonyvek-es-remeny-europa-szamara\/"]}]},{"@type":"ImageObject","inLanguage":"sk","@id":"https:\/\/janfigel.com\/2026\/03\/11\/a-realizmus-utja-a-bekehez-tul-az-ukrajnai-haborun-lehetseges-forgatokonyvek-es-remeny-europa-szamara\/#primaryimage","url":"https:\/\/janfigel.com\/wp-content\/uploads\/2026\/03\/image.png","contentUrl":"https:\/\/janfigel.com\/wp-content\/uploads\/2026\/03\/image.png","width":1280,"height":853},{"@type":"BreadcrumbList","@id":"https:\/\/janfigel.com\/2026\/03\/11\/a-realizmus-utja-a-bekehez-tul-az-ukrajnai-haborun-lehetseges-forgatokonyvek-es-remeny-europa-szamara\/#breadcrumb","itemListElement":[{"@type":"ListItem","position":1,"name":"Home","item":"https:\/\/janfigel.com\/"},{"@type":"ListItem","position":2,"name":"A realizmus \u00fatja a b\u00e9k\u00e9hez: t\u00fal az ukrajnai h\u00e1bor\u00fan \u2013 Lehets\u00e9ges forgat\u00f3k\u00f6nyvek \u00e9s rem\u00e9ny Eur\u00f3pa sz\u00e1m\u00e1ra"}]},{"@type":"WebSite","@id":"https:\/\/janfigel.com\/sk\/#website","url":"https:\/\/janfigel.com\/sk\/","name":"J\u00e1n Fige\u013e","description":"","publisher":{"@id":"https:\/\/janfigel.com\/sk\/#organization"},"potentialAction":[{"@type":"SearchAction","target":{"@type":"EntryPoint","urlTemplate":"https:\/\/janfigel.com\/sk\/?s={search_term_string}"},"query-input":{"@type":"PropertyValueSpecification","valueRequired":true,"valueName":"search_term_string"}}],"inLanguage":"sk"},{"@type":"Organization","@id":"https:\/\/janfigel.com\/sk\/#organization","name":"J\u00e1n Fige\u013e","url":"https:\/\/janfigel.com\/sk\/","logo":{"@type":"ImageObject","inLanguage":"sk","@id":"https:\/\/janfigel.com\/sk\/#\/schema\/logo\/image\/","url":"https:\/\/janfigel.com\/wp-content\/uploads\/2025\/06\/JF_Navy-Blue-1.png","contentUrl":"https:\/\/janfigel.com\/wp-content\/uploads\/2025\/06\/JF_Navy-Blue-1.png","width":2451,"height":2451,"caption":"J\u00e1n Fige\u013e"},"image":{"@id":"https:\/\/janfigel.com\/sk\/#\/schema\/logo\/image\/"},"sameAs":["https:\/\/www.facebook.com\/p\/Jn-Fige-prv-slovensk-eurokomisr-100064782245760\/","https:\/\/x.com\/janfigel","https:\/\/sk.linkedin.com\/in\/jn-fige-110354126","https:\/\/www.instagram.com\/figeljan\/","https:\/\/www.youtube.com\/@janfigel_eu"]},{"@type":"Person","@id":"https:\/\/janfigel.com\/sk\/#\/schema\/person\/41a139a900161f4b4cab75b4d7c55fc1","name":"adamjanfigel","sameAs":["http:\/\/janfigel.com"],"url":"https:\/\/janfigel.com\/sk\/author\/admin_ajf\/"}]}},"_links":{"self":[{"href":"https:\/\/janfigel.com\/sk\/wp-json\/wp\/v2\/posts\/18186","targetHints":{"allow":["GET"]}}],"collection":[{"href":"https:\/\/janfigel.com\/sk\/wp-json\/wp\/v2\/posts"}],"about":[{"href":"https:\/\/janfigel.com\/sk\/wp-json\/wp\/v2\/types\/post"}],"author":[{"embeddable":true,"href":"https:\/\/janfigel.com\/sk\/wp-json\/wp\/v2\/users\/1"}],"replies":[{"embeddable":true,"href":"https:\/\/janfigel.com\/sk\/wp-json\/wp\/v2\/comments?post=18186"}],"version-history":[{"count":1,"href":"https:\/\/janfigel.com\/sk\/wp-json\/wp\/v2\/posts\/18186\/revisions"}],"predecessor-version":[{"id":18188,"href":"https:\/\/janfigel.com\/sk\/wp-json\/wp\/v2\/posts\/18186\/revisions\/18188"}],"wp:featuredmedia":[{"embeddable":true,"href":"https:\/\/janfigel.com\/sk\/wp-json\/wp\/v2\/media\/18187"}],"wp:attachment":[{"href":"https:\/\/janfigel.com\/sk\/wp-json\/wp\/v2\/media?parent=18186"}],"wp:term":[{"taxonomy":"category","embeddable":true,"href":"https:\/\/janfigel.com\/sk\/wp-json\/wp\/v2\/categories?post=18186"},{"taxonomy":"post_tag","embeddable":true,"href":"https:\/\/janfigel.com\/sk\/wp-json\/wp\/v2\/tags?post=18186"}],"curies":[{"name":"wp","href":"https:\/\/api.w.org\/{rel}","templated":true}]}}