{"id":18189,"date":"2026-03-12T23:10:57","date_gmt":"2026-03-12T22:10:57","guid":{"rendered":"https:\/\/janfigel.com\/?p=18189"},"modified":"2026-03-28T21:30:33","modified_gmt":"2026-03-28T20:30:33","slug":"realna-cesta-k-mieru-presahujuca-vojnu-na-ukrajine","status":"publish","type":"post","link":"https:\/\/janfigel.com\/sk\/2026\/03\/12\/realna-cesta-k-mieru-presahujuca-vojnu-na-ukrajine\/","title":{"rendered":"Re\u00e1lna cesta k mieru presahuj\u00faca vojnu na Ukrajine"},"content":{"rendered":"<h2 class=\"wp-block-heading\"><strong>Mo\u017en\u00e9 scen\u00e1re a n\u00e1dej pre Eur\u00f3pu<\/strong><\/h2>\n\n\n\n<p>Je logick\u00e9 a bolestne zrejm\u00e9, \u017ee za\u010da\u0165 vojnu je v\u017edy \u013eah\u0161ie a r\u00fdchlej\u0161ie, ako ju ukon\u010di\u0165. Potvrdzuj\u00fa to vn\u00fatorn\u00e9 aj vojnov\u00e9 konflikty na Ukrajine, v Gaze, Ir\u00e1ne a na celom Bl\u00edzkom v\u00fdchode. Vojna sama osebe neprin\u00e1\u0161a nov\u00e9 v\u00fdhody, ale utrpenie, ni\u010denie a nestabilitu.<\/p>\n\n\n\n<p>Napriek rast\u00facim nepokojom a nap\u00e4tiu vo svete nepresta\u0148me usilova\u0165 o mierovej\u0161ie a hum\u00e1nnej\u0161ie storo\u010die. V s\u00fa\u010dasnej situ\u00e1cii prebiehaj\u00facich hor\u00facich a studen\u00fdch vojen vo v\u00fdchodnej Eur\u00f3pe existuj\u00fa v podstate len tri scen\u00e1re: zl\u00fd, ove\u013ea hor\u0161\u00ed a\u2026 n\u00e1dejn\u00fd.<\/p>\n\n\n\n<p>A) Dnes je najpravdepodobnej\u0161ie pokra\u010dovanie vojny. Ukrajina u\u017e \u0161tyri roky krv\u00e1ca, str\u00e1ca \u013eud\u00ed, \u00fazemie a infra\u0161trukt\u00faru. Bez rozumn\u00e9ho politick\u00e9ho rie\u0161enia a kon\u0161trukt\u00edvnych diplomatick\u00fdch sn\u00e1h pokra\u010duje len de\u0161trukt\u00edvna vojensk\u00e1 cesta. \u00datoky na infra\u0161trukt\u00faru a zariadenia v Rusku s\u00fa po\u010detn\u00e9, ale Rusko je schopn\u00e9 vies\u0165 dlh\u00fa, vy\u010derp\u00e1vaj\u00facu vojnu. Ani s doteraj\u0161ou podporou kolekt\u00edvneho Z\u00e1padu nem\u00e1 Ukrajina silu vytla\u010di\u0165 rusk\u00e9 vojsk\u00e1 ani ich zastavi\u0165.<\/p>\n\n\n\n<p>B) Katastrofu v d\u00f4sledku eskal\u00e1cie vojny nemo\u017eno vyl\u00fa\u010di\u0165. Z Eur\u00f3py vzi\u0161li dve svetov\u00e9 vojny. Trag\u00e9die 20. storo\u010dia sa m\u00f4\u017eu zopakova\u0165, ak eskal\u00e1cia bude pokra\u010dova\u0165 alebo ak dostane \u0161ancu fanatizmus. NATO nedok\u00e1zalo realizova\u0165 m\u00fadru a \u00fa\u010dinn\u00fa politiku prevencie vojen. E\u00da sa postupne zmenila z plodu Schumanovho mierov\u00e9ho projektu na konzumenta mieru. Bezprecedentn\u00e9 zbrojenie, ktor\u00e9 sa dnes presadzuje v NATO a E\u00da, m\u00f4\u017ee odradi\u0165 bud\u00facu agresiu a posilni\u0165 obrann\u00fd priemysel, ale neprinesie mier ani nevytvor\u00ed prosperitu.<\/p>\n\n\n\n<p>C) Franc\u00fazsko a Nemecko, bohu\u017eia\u013e, neboli dostato\u010dne odhodlan\u00e9 zaru\u010di\u0165 implement\u00e1ciu Minsk\u00fdch doh\u00f4d. Ukrajina mohla zosta\u0165 celistv\u00e1, demokratick\u00e1 a multin\u00e1rodn\u00e1. Po febru\u00e1ri 2022 m\u00f4\u017ee preto vznikn\u00fa\u0165 skuto\u010dn\u00e1 mierov\u00e1 dohoda, prijate\u013en\u00e1 pre Rusko aj Ukrajinu, podporovan\u00e1 USA a Eur\u00f3pou, na z\u00e1klade obratu vo vz\u0165ahoch medzi dvoma rozhoduj\u00facimi stranami po desa\u0165ro\u010d\u00ed konfront\u00e1cie: USA a Ruskou feder\u00e1ciou. S\u00fa&nbsp;<em>de facto<\/em>&nbsp;stranami s\u00fa\u010dasnej z\u00e1stupnej vojny. Tento obrat je mo\u017en\u00fd, ak prezident D. Trump bude aj na\u010falej odhodlan\u00fd zastavi\u0165 vojnu na Ukrajine, \u010do potvrdil na samite na Alja\u0161ke s prezidentom V. Putinom.<\/p>\n\n\n\n<h2 class=\"wp-block-heading\"><strong>Budovanie Eur\u00f3py znamen\u00e1 budovanie mieru<\/strong><\/h2>\n\n\n\n<p>Prijate\u013en\u00e1 mierov\u00e1 dohoda ako s\u00fabor podmienok a rie\u0161en\u00ed akceptovate\u013en\u00fdch pre vojnov\u00e9 strany e\u0161te nebola n\u00e1jden\u00e1. Preto by sa malo oceni\u0165 ka\u017ed\u00e9 kon\u0161trukt\u00edvne \u00fasilie o dosiahnutie dohody medzi Ruskom a Ukrajinou. Eur\u00f3pske ve\u013emoci (Franc\u00fazsko, Nemecko, Spojen\u00e9 kr\u00e1\u013eovstvo) nedok\u00e1zali v uplynulom desa\u0165ro\u010d\u00ed zabezpe\u010di\u0165 mier na Ukrajine. S\u00fa\u010dasn\u00e9 vedenie E\u00da, \u017eia\u013e, nenadv\u00e4zuje na my\u0161lienky ani prax R. Schumana \u010di K. Adenauera \u2013 zakladate\u013eov zmierenej a zjednotenej z\u00e1padnej Eur\u00f3py po druhej svetovej vojne.<\/p>\n\n\n\n<p>Cesta k mieru je \u00fazka a n\u00e1ro\u010dn\u00e1. V duchu Jeana Monneta budovanie Eur\u00f3py znamen\u00e1 budovanie mieru. Tak\u00e1to v\u00edzia a proces v\u0161ak vy\u017eaduj\u00fa nov\u00e9 a siln\u00e9 z\u00e1klady. Zmena strategickej paradigmy vyvol\u00e1va zlo\u017eit\u00e9 ot\u00e1zky. Po prv\u00e9, je mo\u017en\u00e9 oto\u010di\u0165 politick\u00e9, bezpe\u010dnostn\u00e9 a ekonomick\u00e9 vz\u0165ahy medzi superve\u013emocami o 180 stup\u0148ov? Po druh\u00e9, je mo\u017en\u00e9 urobi\u0165 vojnu vo v\u00fdchodnej Eur\u00f3pe materi\u00e1lne nemo\u017enou a mier stabiln\u00fdm a trval\u00fdm? Po tretie, je mo\u017en\u00e9 to dosiahnu\u0165 v kr\u00e1tkom \u010dase? Na tak\u00e9to z\u00e1sadn\u00e9 ot\u00e1zky je ur\u010dite \u013eah\u0161ie odpoveda\u0165 po skon\u010den\u00ed bojov a pri pr\u00edprave mierovej dohody na podpis.<\/p>\n\n\n\n<p>Som presved\u010den\u00fd, \u017ee napriek v\u0161etk\u00e9mu, \u010do sa dnes deje, s\u00fa\u010dasn\u00e1 geopolitick\u00e1 situ\u00e1cia n\u00e1m umo\u017e\u0148uje odpoveda\u0165 na tieto tri ot\u00e1zky \u00c1NO. Prekvapiv\u00e9, mo\u017eno a\u017e provokat\u00edvne rie\u0161enie je realistick\u00e9. Jeho re\u00e1lnos\u0165 vych\u00e1dza z hist\u00f3rie euroatlantickej oblasti po druhej svetovej vojne a z prebiehaj\u00facich medzin\u00e1rodn\u00fdch konzult\u00e1ci\u00ed. M\u00f4\u017eeme ma\u0165 mnoho v\u00fdhrad ku krokom D. Trumpa a jeho administrat\u00edvy vo\u010di Eur\u00f3pe alebo Venezuele. Jeho odhodlanie \u010do najsk\u00f4r ukon\u010di\u0165 vojnu na Ukrajine je v\u0161ak zrejm\u00e9. Na tom sa d\u00e1 stava\u0165 a m\u00f4\u017ee to by\u0165 rozhoduj\u00face. Re\u00e1lnos\u0165 navrhovanej v\u00edzie u\u017e potvrdzuj\u00fa niektor\u00e9 body dohody, o ktorej postupne diskutuj\u00fa USA, Rusk\u00e1 feder\u00e1cia, Ukrajina a E\u00da (E3).<\/p>\n\n\n\n<h2 class=\"wp-block-heading\"><strong>Mierov\u00fd scen\u00e1r v duchu R. Schumana a G. Marshalla<\/strong><\/h2>\n\n\n\n<p>Som presved\u010den\u00fd, \u017ee mier vo v\u00fdchodnej Eur\u00f3pe je mo\u017en\u00e9 dosiahnu\u0165 prostredn\u00edctvom aktualizovanej kombin\u00e1cie princ\u00edpov Schumanovho a Marshallovho pl\u00e1nu. Ich autentick\u00e9 historick\u00e9 v\u00fdsledky s\u00fa aj dnes in\u0161piruj\u00face, overen\u00e9 a platn\u00e9. P\u00f4vodn\u00fd Schumanov pl\u00e1n sa t\u00fdkal prevencie \u010fal\u0161ej vojny v Eur\u00f3pe. Pre z\u00fa\u010dastnen\u00e9 krajiny sa tento projekt stal realitou a \u00faspe\u0161ne funguje u\u017e viac ako 75 rokov. A George Marshall navrhol financova\u0165 obnovu p\u00f4vodnej agresorskej krajiny \u2013 Nemecka.<\/p>\n\n\n\n<p>Dnes potrebujeme podobn\u00e9 opatrenie. Som hlboko presved\u010den\u00fd, \u017ee Schumanov a Marshallov pl\u00e1n 2.0 s\u00fa mo\u017en\u00e9. Premena konfront\u00e1cie medzi dvoma superve\u013emocami na ich dlhodob\u00fa a strategick\u00fa spolupr\u00e1cu je v z\u00e1ujme oboch kraj\u00edn a ich \u00faspe\u0161n\u00e9ho rozvoja. L\u00eddri prich\u00e1dzaj\u00fa a odch\u00e1dzaj\u00fa, ale n\u00e1rody zost\u00e1vaj\u00fa. L\u00eddri v\u0161ak m\u00f4\u017eu zanecha\u0165 pozit\u00edvne dedi\u010dstvo, ktor\u00e9 pozdvihne \u017eivot dotknut\u00fdch n\u00e1rodov na vy\u0161\u0161iu \u00farove\u0148. Spolo\u010dn\u00e9 \u00fasilie V\u00fdchodu a Z\u00e1padu, Moskvy a Washingtonu, bolo predpokladom a z\u00e1kladom v\u00ed\u0165azstva nad nacizmom a fa\u0161izmom v Eur\u00f3pe. Aj mierov\u00fd z\u00e1nik komunizmu bol dosiahnut\u00fd nen\u00e1silne a r\u00fdchlej\u0161ie v\u010faka dial\u00f3gu, porozumeniu a spolupr\u00e1ci medzi Z\u00e1padom a V\u00fdchodom, medzi Washingtonom a Moskvou.<\/p>\n\n\n\n<p>Z\u00e1kladom tejto mierovej iniciat\u00edvy by mala by\u0165 dohoda medzi dvoma euroatlantick\u00fdmi ve\u013emocami: USA a Ruskom. Hospod\u00e1rska a obchodn\u00e1 spolupr\u00e1ca vo forme spolo\u010dn\u00e9ho trhu mus\u00ed zah\u0155\u0148a\u0165 zdroje a komodity potrebn\u00e9 na vedenie vojny: energiu a jej infra\u0161trukt\u00faru, pr\u00edrodn\u00e9 suroviny a vz\u00e1cne nerasty. Rovnako je d\u00f4le\u017eit\u00e9 otvori\u0165 informa\u010dn\u00e9 technol\u00f3gie, umel\u00fa inteligenciu a du\u0161evn\u00e9 vlastn\u00edctvo pre spolo\u010dn\u00fd trh. Dohoda o spolo\u010dn\u00fdch trhoch s uveden\u00fdmi zdrojmi a komoditami medzi dvoma siln\u00fdmi protagonistami mus\u00ed by\u0165 otvoren\u00e1 pre v\u0161etky slobodn\u00e9 n\u00e1rody, najm\u00e4 pre n\u00e1rody Eur\u00f3py, Severnej Ameriky a Strednej \u00c1zie.<\/p>\n\n\n\n<p>To mus\u00ed by\u0165 logicky sprev\u00e1dzan\u00e9 dohodou medzi z\u00fa\u010dastnen\u00fdmi krajinami o spolo\u010dnej bezpe\u010dnosti. Vz\u00e1jomne prospe\u0161n\u00e1 spolupr\u00e1ca by mohla postupne vies\u0165 k vytvoreniu ve\u013ek\u00e9ho nov\u00e9ho spolo\u010denstva Z\u00e1pad-V\u00fdchod od Anchorage na Alja\u0161ke po Vladivostok na Kam\u010datke, cez Eur\u00f3pu a Stredn\u00fa \u00c1ziu. Vojna v takomto spolo\u010denstve by sa stala nemo\u017enou a nepredstavite\u013enou, ako to bolo v pr\u00edpade zjednotenej z\u00e1padnej Eur\u00f3py po roku 1950. Tak\u00e1to rozsiahla z\u00f3na spolo\u010dnej bezpe\u010dnosti, spolupr\u00e1ce a prosperity na severnej pologuli by predstavovala bezprecedentn\u00fa silu pre mier a stabilitu na celom svete. Prv\u00e9 reakcie na t\u00fato v\u00edziu s\u00fa povzbudiv\u00e9.<\/p>\n\n\n\n<p>V\u010faka n\u00e1vrhu R. Schumana a s\u00fahlasu K. Adenauera za\u010dali Franc\u00fazsko a Nemecko po roku 1950 mierov\u00fa spolupr\u00e1cu v oblasti uhlia a ocele. Schumanov pl\u00e1n zjednotenej Eur\u00f3py bol bezprecedentnou politickou inov\u00e1ciou. Pre mnoh\u00fdch Eur\u00f3panov bolo zmierenie a zjednotenie s b\u00fdvalou nepriate\u013eskou mocnos\u0165ou a agresorom ut\u00f3piou, pre in\u00fdch provok\u00e1ciou a niektor\u00ed vo Franc\u00fazsku to pova\u017eovali za zradu. Nemo\u017en\u00e9 partnerstvo a priate\u013estvo sa v\u0161ak postupne stalo realitou. T\u00e1to ve\u013ek\u00e1 a kreat\u00edvna inov\u00e1cia, podporen\u00e1 pevn\u00fdm z\u00e1v\u00e4zkom n\u00e1rodn\u00fdch vl\u00e1d a parlamentov, sa uk\u00e1zala ako skuto\u010dn\u00e1 a kon\u0161trukt\u00edvna cesta k mierovej, stabilnej a prosperuj\u00facej Eur\u00f3pe! Bohu\u017eia\u013e, tento proces budovania mieru v posledn\u00fdch desa\u0165ro\u010diach nedosiahol cel\u00fd kontinent, od Atlantiku po Ural. Teraz plat\u00edme ve\u013emi vysok\u00fa cenu za mnoh\u00e9 na\u0161e zlyhania.<\/p>\n\n\n\n<p>Cesta von z vojny je mo\u017en\u00e1. K\u013e\u00fa\u010dov\u00e9 s\u00fa v\u0161ak skuto\u010dn\u00e9 \u0161t\u00e1tnick\u00e9 umenie, politick\u00e1 odvaha, dobr\u00e1 v\u00f4\u013ea a programov\u00e1 vytrvalos\u0165 pri formovan\u00ed tejto novej cesty. Aby bol mier udr\u017eate\u013en\u00fd, je potrebn\u00e9 odstr\u00e1ni\u0165 korene konfliktu. A prevencia konfliktov spo\u010d\u00edva v zdie\u013ean\u00ed bezpe\u010dnostn\u00fdch a strategick\u00fdch zdrojov. Korene na\u0161ej spolo\u010dnej \u017eidovsko-kres\u0165anskej civiliz\u00e1cie n\u00e1s vyz\u00fdvaj\u00fa k vz\u00e1jomn\u00e9mu re\u0161pektu, prospe\u0161nej spolupr\u00e1ci a k \u017eivotu v mieri a jednote.<\/p>\n\n\n\n<h2 class=\"wp-block-heading\"><strong>D\u00f4stojn\u00e1 mierov\u00e1 dohoda<\/strong><\/h2>\n\n\n\n<p>Tak\u00e1to ve\u013ek\u00e1 dohoda posl\u00fa\u017ei nielen na vytvorenie novej z\u00e1padno-v\u00fdchodnej komunity na severnej pologuli, ale vytvor\u00ed aj z\u00e1klad pre d\u00f4stojn\u00fa mierov\u00fa dohodu, ktor\u00e1 bude prospe\u0161n\u00e1 a prijate\u013en\u00e1 pre USA, Rusk\u00fa feder\u00e1ciu, Ukrajinu a krajiny Eur\u00f3py. Bal\u00edk podmienok a kompromisov mus\u00ed zah\u0155\u0148a\u0165 n\u00e1vrat ute\u010dencov a vys\u00eddlen\u00fdch obyvate\u013eov, re\u0161pektovanie d\u00f4stojnosti a z\u00e1kladn\u00fdch pr\u00e1v ob\u010danov vr\u00e1tane etnick\u00fdch men\u0161\u00edn, prechodn\u00fa, \u010dasovo obmedzen\u00fa spr\u00e1vu sporn\u00fdch \u00fazem\u00ed s medzin\u00e1rodnou podporou (OSN, OBSE), re\u0161pektovanie transparentne vyjadrenej v\u00f4le ob\u010danov dotknut\u00fdch \u00fazem\u00ed k demokratick\u00e9mu sebaur\u010deniu, uplat\u0148ovanie prechodnej spravodlivosti a obnovenie pr\u00e1vneho \u0161t\u00e1tu a ukon\u010denie v\u0161etk\u00fdch sankci\u00ed.<\/p>\n\n\n\n<p>Marshallov pl\u00e1n 2.0 stanov\u00ed podmienky a pon\u00fakne \u00fa\u010dinn\u00fa pomoc na dosiahnutie hospod\u00e1rskej stability, rastu a prosperity. Osobitn\u00e1 podpora sa mus\u00ed venova\u0165 cielen\u00e9mu a dynamick\u00e9mu obnoveniu zni\u010den\u00fdch \u00fazem\u00ed a infra\u0161trukt\u00fary. Tak\u00fdto proces si tie\u017e vy\u017eaduje kon\u0161trukt\u00edvne \u00fasilie o zmierenie, dial\u00f3g, budovanie d\u00f4very a ur\u010dite prinesie nov\u00e9 vz\u0165ahy medzi n\u00e1rodmi a \u0161t\u00e1tmi.<\/p>\n\n\n\n<p>Tento z\u00e1klad pre d\u00f4stojn\u00fa mierov\u00fa dohodu m\u00f4\u017ee by\u0165 prijate\u013en\u00fdm a \u00fastretov\u00fdm rie\u0161en\u00edm pre v\u0161etk\u00fdch, bez \u0161ed\u00fdch, sporn\u00fdch oblast\u00ed a bez oddialenej alebo skrytej konfront\u00e1cie v bud\u00facnosti. Trval\u00fd mier v Eur\u00f3pe je n\u00e1ro\u010dn\u00fd, ale u\u0161\u013eachtil\u00fd a u\u017eito\u010dn\u00fd cie\u013e. Inov\u00e1cia nepoch\u00e1dza len z nov\u00fdch n\u00e1padov, ale zo schopnosti vidie\u0165 star\u00e9 n\u00e1pady v novom svetle. Som presved\u010den\u00fd, \u017ee kreat\u00edvne, kon\u0161trukt\u00edvne a zodpovedn\u00e9 \u00fasilie m\u00f4\u017ee v bl\u00edzkej bud\u00facnosti zv\u00ed\u0165azi\u0165 nad silami konfliktu, n\u00e1silia a vojny.<\/p>\n\n\n\n<p><em>Text bol s\u00fa\u010das\u0165ou programu&nbsp;<a href=\"https:\/\/budapestsummit.mcc.hu\/en\/\">MCC Summitu<\/a>&nbsp;v Budape\u0161ti o bud\u00facnosti Eur\u00f3py, prezentovan\u00fd 11. marca 2026<\/em><br><br><a href=\"https:\/\/www.epochtimes.sk\/j-figel-realna-cesta-k-mieru-presahujuca-vojnu-na-ukrajine-komentar_80281.html\">https:\/\/www.epochtimes.sk\/j-figel-realna-cesta-k-mieru-presahujuca-vojnu-na-ukrajine-komentar_80281.html<\/a><\/p>\n\n\n\n<p><a href=\"https:\/\/spolocnedobro.sk\/realna-cesta-k-mieru-presahujuca-vojnu-na-ukrajine-jan-figel\/\">https:\/\/spolocnedobro.sk\/realna-cesta-k-mieru-presahujuca-vojnu-na-ukrajine-jan-figel\/<\/a><\/p>\n\n\n\n<p><a href=\"https:\/\/www.marker.sk\/clanky\/1223\/realna-cesta-k-mieru-presahujuca-vojnu-na-ukrajine\">https:\/\/www.marker.sk\/clanky\/1223\/realna-cesta-k-mieru-presahujuca-vojnu-na-ukrajine<\/a><\/p>\n\n\n\n<p><a href=\"https:\/\/europske.noviny.sk\/2026\/03\/24\/jan-figel-realna-cesta-k-mieru-presahujuca-vojnu-na-ukrajine\">https:\/\/europske.noviny.sk\/2026\/03\/24\/jan-figel-realna-cesta-k-mieru-presahujuca-vojnu-na-ukrajine<\/a><\/p>","protected":false},"excerpt":{"rendered":"<p>Mo\u017en\u00e9 scen\u00e1re a n\u00e1dej pre Eur\u00f3pu Je logick\u00e9 a bolestne zrejm\u00e9, \u017ee za\u010da\u0165 vojnu je v\u017edy \u013eah\u0161ie a r\u00fdchlej\u0161ie, ako ju ukon\u010di\u0165. Potvrdzuj\u00fa to vn\u00fatorn\u00e9 aj vojnov\u00e9 konflikty na Ukrajine, v Gaze, Ir\u00e1ne a na celom Bl\u00edzkom v\u00fdchode. Vojna sama osebe neprin\u00e1\u0161a nov\u00e9 v\u00fdhody, ale utrpenie, ni\u010denie a nestabilitu. Napriek rast\u00facim nepokojom a nap\u00e4tiu vo [&hellip;]<\/p>","protected":false},"author":1,"featured_media":18118,"comment_status":"closed","ping_status":"open","sticky":false,"template":"","format":"standard","meta":{"footnotes":""},"categories":[340],"tags":[],"class_list":["post-18189","post","type-post","status-publish","format-standard","has-post-thumbnail","hentry","category-sk"],"yoast_head":"<!-- This site is optimized with the Yoast SEO plugin v26.7 - https:\/\/yoast.com\/wordpress\/plugins\/seo\/ -->\n<title>Re\u00e1lna cesta k mieru presahuj\u00faca vojnu na Ukrajine - J\u00e1n Fige\u013e<\/title>\n<meta name=\"robots\" content=\"index, follow, max-snippet:-1, max-image-preview:large, max-video-preview:-1\" \/>\n<link rel=\"canonical\" href=\"https:\/\/janfigel.com\/sk\/2026\/03\/12\/realna-cesta-k-mieru-presahujuca-vojnu-na-ukrajine\/\" \/>\n<meta property=\"og:locale\" content=\"sk_SK\" \/>\n<meta property=\"og:type\" content=\"article\" \/>\n<meta property=\"og:title\" content=\"Re\u00e1lna cesta k mieru presahuj\u00faca vojnu na Ukrajine - J\u00e1n Fige\u013e\" \/>\n<meta property=\"og:description\" content=\"Mo\u017en\u00e9 scen\u00e1re a n\u00e1dej pre Eur\u00f3pu Je logick\u00e9 a bolestne zrejm\u00e9, \u017ee za\u010da\u0165 vojnu je v\u017edy \u013eah\u0161ie a r\u00fdchlej\u0161ie, ako ju ukon\u010di\u0165. Potvrdzuj\u00fa to vn\u00fatorn\u00e9 aj vojnov\u00e9 konflikty na Ukrajine, v Gaze, Ir\u00e1ne a na celom Bl\u00edzkom v\u00fdchode. Vojna sama osebe neprin\u00e1\u0161a nov\u00e9 v\u00fdhody, ale utrpenie, ni\u010denie a nestabilitu. Napriek rast\u00facim nepokojom a nap\u00e4tiu vo [&hellip;]\" \/>\n<meta property=\"og:url\" content=\"https:\/\/janfigel.com\/sk\/2026\/03\/12\/realna-cesta-k-mieru-presahujuca-vojnu-na-ukrajine\/\" \/>\n<meta property=\"og:site_name\" content=\"J\u00e1n Fige\u013e\" \/>\n<meta property=\"article:publisher\" content=\"https:\/\/www.facebook.com\/p\/Jn-Fige-prv-slovensk-eurokomisr-100064782245760\/\" \/>\n<meta property=\"article:published_time\" content=\"2026-03-12T22:10:57+00:00\" \/>\n<meta property=\"article:modified_time\" content=\"2026-03-28T20:30:33+00:00\" \/>\n<meta property=\"og:image\" content=\"https:\/\/janfigel.com\/wp-content\/uploads\/2026\/01\/image-1.png\" \/>\n\t<meta property=\"og:image:width\" content=\"769\" \/>\n\t<meta property=\"og:image:height\" content=\"512\" \/>\n\t<meta property=\"og:image:type\" content=\"image\/png\" \/>\n<meta name=\"author\" content=\"adamjanfigel\" \/>\n<meta name=\"twitter:card\" content=\"summary_large_image\" \/>\n<meta name=\"twitter:creator\" content=\"@janfigel\" \/>\n<meta name=\"twitter:site\" content=\"@janfigel\" \/>\n<meta name=\"twitter:label1\" content=\"Written by\" \/>\n\t<meta name=\"twitter:data1\" content=\"adamjanfigel\" \/>\n\t<meta name=\"twitter:label2\" content=\"Est. reading time\" \/>\n\t<meta name=\"twitter:data2\" content=\"6 minutes\" \/>\n<script type=\"application\/ld+json\" class=\"yoast-schema-graph\">{\"@context\":\"https:\/\/schema.org\",\"@graph\":[{\"@type\":\"Article\",\"@id\":\"https:\/\/janfigel.com\/2026\/03\/12\/realna-cesta-k-mieru-presahujuca-vojnu-na-ukrajine\/#article\",\"isPartOf\":{\"@id\":\"https:\/\/janfigel.com\/2026\/03\/12\/realna-cesta-k-mieru-presahujuca-vojnu-na-ukrajine\/\"},\"author\":{\"name\":\"adamjanfigel\",\"@id\":\"https:\/\/janfigel.com\/sk\/#\/schema\/person\/41a139a900161f4b4cab75b4d7c55fc1\"},\"headline\":\"Re\u00e1lna cesta k mieru presahuj\u00faca vojnu na Ukrajine\",\"datePublished\":\"2026-03-12T22:10:57+00:00\",\"dateModified\":\"2026-03-28T20:30:33+00:00\",\"mainEntityOfPage\":{\"@id\":\"https:\/\/janfigel.com\/2026\/03\/12\/realna-cesta-k-mieru-presahujuca-vojnu-na-ukrajine\/\"},\"wordCount\":1811,\"publisher\":{\"@id\":\"https:\/\/janfigel.com\/sk\/#organization\"},\"image\":{\"@id\":\"https:\/\/janfigel.com\/2026\/03\/12\/realna-cesta-k-mieru-presahujuca-vojnu-na-ukrajine\/#primaryimage\"},\"thumbnailUrl\":\"https:\/\/janfigel.com\/wp-content\/uploads\/2026\/01\/image-1.png\",\"articleSection\":[\"Slovensky\"],\"inLanguage\":\"sk\"},{\"@type\":\"WebPage\",\"@id\":\"https:\/\/janfigel.com\/2026\/03\/12\/realna-cesta-k-mieru-presahujuca-vojnu-na-ukrajine\/\",\"url\":\"https:\/\/janfigel.com\/2026\/03\/12\/realna-cesta-k-mieru-presahujuca-vojnu-na-ukrajine\/\",\"name\":\"Re\u00e1lna cesta k mieru presahuj\u00faca vojnu na Ukrajine - J\u00e1n Fige\u013e\",\"isPartOf\":{\"@id\":\"https:\/\/janfigel.com\/sk\/#website\"},\"primaryImageOfPage\":{\"@id\":\"https:\/\/janfigel.com\/2026\/03\/12\/realna-cesta-k-mieru-presahujuca-vojnu-na-ukrajine\/#primaryimage\"},\"image\":{\"@id\":\"https:\/\/janfigel.com\/2026\/03\/12\/realna-cesta-k-mieru-presahujuca-vojnu-na-ukrajine\/#primaryimage\"},\"thumbnailUrl\":\"https:\/\/janfigel.com\/wp-content\/uploads\/2026\/01\/image-1.png\",\"datePublished\":\"2026-03-12T22:10:57+00:00\",\"dateModified\":\"2026-03-28T20:30:33+00:00\",\"breadcrumb\":{\"@id\":\"https:\/\/janfigel.com\/2026\/03\/12\/realna-cesta-k-mieru-presahujuca-vojnu-na-ukrajine\/#breadcrumb\"},\"inLanguage\":\"sk\",\"potentialAction\":[{\"@type\":\"ReadAction\",\"target\":[\"https:\/\/janfigel.com\/2026\/03\/12\/realna-cesta-k-mieru-presahujuca-vojnu-na-ukrajine\/\"]}]},{\"@type\":\"ImageObject\",\"inLanguage\":\"sk\",\"@id\":\"https:\/\/janfigel.com\/2026\/03\/12\/realna-cesta-k-mieru-presahujuca-vojnu-na-ukrajine\/#primaryimage\",\"url\":\"https:\/\/janfigel.com\/wp-content\/uploads\/2026\/01\/image-1.png\",\"contentUrl\":\"https:\/\/janfigel.com\/wp-content\/uploads\/2026\/01\/image-1.png\",\"width\":769,\"height\":512},{\"@type\":\"BreadcrumbList\",\"@id\":\"https:\/\/janfigel.com\/2026\/03\/12\/realna-cesta-k-mieru-presahujuca-vojnu-na-ukrajine\/#breadcrumb\",\"itemListElement\":[{\"@type\":\"ListItem\",\"position\":1,\"name\":\"Home\",\"item\":\"https:\/\/janfigel.com\/\"},{\"@type\":\"ListItem\",\"position\":2,\"name\":\"Re\u00e1lna cesta k mieru presahuj\u00faca vojnu na Ukrajine\"}]},{\"@type\":\"WebSite\",\"@id\":\"https:\/\/janfigel.com\/sk\/#website\",\"url\":\"https:\/\/janfigel.com\/sk\/\",\"name\":\"J\u00e1n Fige\u013e\",\"description\":\"\",\"publisher\":{\"@id\":\"https:\/\/janfigel.com\/sk\/#organization\"},\"potentialAction\":[{\"@type\":\"SearchAction\",\"target\":{\"@type\":\"EntryPoint\",\"urlTemplate\":\"https:\/\/janfigel.com\/sk\/?s={search_term_string}\"},\"query-input\":{\"@type\":\"PropertyValueSpecification\",\"valueRequired\":true,\"valueName\":\"search_term_string\"}}],\"inLanguage\":\"sk\"},{\"@type\":\"Organization\",\"@id\":\"https:\/\/janfigel.com\/sk\/#organization\",\"name\":\"J\u00e1n Fige\u013e\",\"url\":\"https:\/\/janfigel.com\/sk\/\",\"logo\":{\"@type\":\"ImageObject\",\"inLanguage\":\"sk\",\"@id\":\"https:\/\/janfigel.com\/sk\/#\/schema\/logo\/image\/\",\"url\":\"https:\/\/janfigel.com\/wp-content\/uploads\/2025\/06\/JF_Navy-Blue-1.png\",\"contentUrl\":\"https:\/\/janfigel.com\/wp-content\/uploads\/2025\/06\/JF_Navy-Blue-1.png\",\"width\":2451,\"height\":2451,\"caption\":\"J\u00e1n Fige\u013e\"},\"image\":{\"@id\":\"https:\/\/janfigel.com\/sk\/#\/schema\/logo\/image\/\"},\"sameAs\":[\"https:\/\/www.facebook.com\/p\/Jn-Fige-prv-slovensk-eurokomisr-100064782245760\/\",\"https:\/\/x.com\/janfigel\",\"https:\/\/sk.linkedin.com\/in\/jn-fige-110354126\",\"https:\/\/www.instagram.com\/figeljan\/\",\"https:\/\/www.youtube.com\/@janfigel_eu\"]},{\"@type\":\"Person\",\"@id\":\"https:\/\/janfigel.com\/sk\/#\/schema\/person\/41a139a900161f4b4cab75b4d7c55fc1\",\"name\":\"adamjanfigel\",\"sameAs\":[\"http:\/\/janfigel.com\"],\"url\":\"https:\/\/janfigel.com\/sk\/author\/admin_ajf\/\"}]}<\/script>\n<!-- \/ Yoast SEO plugin. -->","yoast_head_json":{"title":"Re\u00e1lna cesta k mieru presahuj\u00faca vojnu na Ukrajine - J\u00e1n Fige\u013e","robots":{"index":"index","follow":"follow","max-snippet":"max-snippet:-1","max-image-preview":"max-image-preview:large","max-video-preview":"max-video-preview:-1"},"canonical":"https:\/\/janfigel.com\/sk\/2026\/03\/12\/realna-cesta-k-mieru-presahujuca-vojnu-na-ukrajine\/","og_locale":"sk_SK","og_type":"article","og_title":"Re\u00e1lna cesta k mieru presahuj\u00faca vojnu na Ukrajine - J\u00e1n Fige\u013e","og_description":"Mo\u017en\u00e9 scen\u00e1re a n\u00e1dej pre Eur\u00f3pu Je logick\u00e9 a bolestne zrejm\u00e9, \u017ee za\u010da\u0165 vojnu je v\u017edy \u013eah\u0161ie a r\u00fdchlej\u0161ie, ako ju ukon\u010di\u0165. Potvrdzuj\u00fa to vn\u00fatorn\u00e9 aj vojnov\u00e9 konflikty na Ukrajine, v Gaze, Ir\u00e1ne a na celom Bl\u00edzkom v\u00fdchode. Vojna sama osebe neprin\u00e1\u0161a nov\u00e9 v\u00fdhody, ale utrpenie, ni\u010denie a nestabilitu. Napriek rast\u00facim nepokojom a nap\u00e4tiu vo [&hellip;]","og_url":"https:\/\/janfigel.com\/sk\/2026\/03\/12\/realna-cesta-k-mieru-presahujuca-vojnu-na-ukrajine\/","og_site_name":"J\u00e1n Fige\u013e","article_publisher":"https:\/\/www.facebook.com\/p\/Jn-Fige-prv-slovensk-eurokomisr-100064782245760\/","article_published_time":"2026-03-12T22:10:57+00:00","article_modified_time":"2026-03-28T20:30:33+00:00","og_image":[{"width":769,"height":512,"url":"https:\/\/janfigel.com\/wp-content\/uploads\/2026\/01\/image-1.png","type":"image\/png"}],"author":"adamjanfigel","twitter_card":"summary_large_image","twitter_creator":"@janfigel","twitter_site":"@janfigel","twitter_misc":{"Written by":"adamjanfigel","Est. reading time":"6 minutes"},"schema":{"@context":"https:\/\/schema.org","@graph":[{"@type":"Article","@id":"https:\/\/janfigel.com\/2026\/03\/12\/realna-cesta-k-mieru-presahujuca-vojnu-na-ukrajine\/#article","isPartOf":{"@id":"https:\/\/janfigel.com\/2026\/03\/12\/realna-cesta-k-mieru-presahujuca-vojnu-na-ukrajine\/"},"author":{"name":"adamjanfigel","@id":"https:\/\/janfigel.com\/sk\/#\/schema\/person\/41a139a900161f4b4cab75b4d7c55fc1"},"headline":"Re\u00e1lna cesta k mieru presahuj\u00faca vojnu na Ukrajine","datePublished":"2026-03-12T22:10:57+00:00","dateModified":"2026-03-28T20:30:33+00:00","mainEntityOfPage":{"@id":"https:\/\/janfigel.com\/2026\/03\/12\/realna-cesta-k-mieru-presahujuca-vojnu-na-ukrajine\/"},"wordCount":1811,"publisher":{"@id":"https:\/\/janfigel.com\/sk\/#organization"},"image":{"@id":"https:\/\/janfigel.com\/2026\/03\/12\/realna-cesta-k-mieru-presahujuca-vojnu-na-ukrajine\/#primaryimage"},"thumbnailUrl":"https:\/\/janfigel.com\/wp-content\/uploads\/2026\/01\/image-1.png","articleSection":["Slovensky"],"inLanguage":"sk"},{"@type":"WebPage","@id":"https:\/\/janfigel.com\/2026\/03\/12\/realna-cesta-k-mieru-presahujuca-vojnu-na-ukrajine\/","url":"https:\/\/janfigel.com\/2026\/03\/12\/realna-cesta-k-mieru-presahujuca-vojnu-na-ukrajine\/","name":"Re\u00e1lna cesta k mieru presahuj\u00faca vojnu na Ukrajine - J\u00e1n Fige\u013e","isPartOf":{"@id":"https:\/\/janfigel.com\/sk\/#website"},"primaryImageOfPage":{"@id":"https:\/\/janfigel.com\/2026\/03\/12\/realna-cesta-k-mieru-presahujuca-vojnu-na-ukrajine\/#primaryimage"},"image":{"@id":"https:\/\/janfigel.com\/2026\/03\/12\/realna-cesta-k-mieru-presahujuca-vojnu-na-ukrajine\/#primaryimage"},"thumbnailUrl":"https:\/\/janfigel.com\/wp-content\/uploads\/2026\/01\/image-1.png","datePublished":"2026-03-12T22:10:57+00:00","dateModified":"2026-03-28T20:30:33+00:00","breadcrumb":{"@id":"https:\/\/janfigel.com\/2026\/03\/12\/realna-cesta-k-mieru-presahujuca-vojnu-na-ukrajine\/#breadcrumb"},"inLanguage":"sk","potentialAction":[{"@type":"ReadAction","target":["https:\/\/janfigel.com\/2026\/03\/12\/realna-cesta-k-mieru-presahujuca-vojnu-na-ukrajine\/"]}]},{"@type":"ImageObject","inLanguage":"sk","@id":"https:\/\/janfigel.com\/2026\/03\/12\/realna-cesta-k-mieru-presahujuca-vojnu-na-ukrajine\/#primaryimage","url":"https:\/\/janfigel.com\/wp-content\/uploads\/2026\/01\/image-1.png","contentUrl":"https:\/\/janfigel.com\/wp-content\/uploads\/2026\/01\/image-1.png","width":769,"height":512},{"@type":"BreadcrumbList","@id":"https:\/\/janfigel.com\/2026\/03\/12\/realna-cesta-k-mieru-presahujuca-vojnu-na-ukrajine\/#breadcrumb","itemListElement":[{"@type":"ListItem","position":1,"name":"Home","item":"https:\/\/janfigel.com\/"},{"@type":"ListItem","position":2,"name":"Re\u00e1lna cesta k mieru presahuj\u00faca vojnu na Ukrajine"}]},{"@type":"WebSite","@id":"https:\/\/janfigel.com\/sk\/#website","url":"https:\/\/janfigel.com\/sk\/","name":"J\u00e1n Fige\u013e","description":"","publisher":{"@id":"https:\/\/janfigel.com\/sk\/#organization"},"potentialAction":[{"@type":"SearchAction","target":{"@type":"EntryPoint","urlTemplate":"https:\/\/janfigel.com\/sk\/?s={search_term_string}"},"query-input":{"@type":"PropertyValueSpecification","valueRequired":true,"valueName":"search_term_string"}}],"inLanguage":"sk"},{"@type":"Organization","@id":"https:\/\/janfigel.com\/sk\/#organization","name":"J\u00e1n Fige\u013e","url":"https:\/\/janfigel.com\/sk\/","logo":{"@type":"ImageObject","inLanguage":"sk","@id":"https:\/\/janfigel.com\/sk\/#\/schema\/logo\/image\/","url":"https:\/\/janfigel.com\/wp-content\/uploads\/2025\/06\/JF_Navy-Blue-1.png","contentUrl":"https:\/\/janfigel.com\/wp-content\/uploads\/2025\/06\/JF_Navy-Blue-1.png","width":2451,"height":2451,"caption":"J\u00e1n Fige\u013e"},"image":{"@id":"https:\/\/janfigel.com\/sk\/#\/schema\/logo\/image\/"},"sameAs":["https:\/\/www.facebook.com\/p\/Jn-Fige-prv-slovensk-eurokomisr-100064782245760\/","https:\/\/x.com\/janfigel","https:\/\/sk.linkedin.com\/in\/jn-fige-110354126","https:\/\/www.instagram.com\/figeljan\/","https:\/\/www.youtube.com\/@janfigel_eu"]},{"@type":"Person","@id":"https:\/\/janfigel.com\/sk\/#\/schema\/person\/41a139a900161f4b4cab75b4d7c55fc1","name":"adamjanfigel","sameAs":["http:\/\/janfigel.com"],"url":"https:\/\/janfigel.com\/sk\/author\/admin_ajf\/"}]}},"_links":{"self":[{"href":"https:\/\/janfigel.com\/sk\/wp-json\/wp\/v2\/posts\/18189","targetHints":{"allow":["GET"]}}],"collection":[{"href":"https:\/\/janfigel.com\/sk\/wp-json\/wp\/v2\/posts"}],"about":[{"href":"https:\/\/janfigel.com\/sk\/wp-json\/wp\/v2\/types\/post"}],"author":[{"embeddable":true,"href":"https:\/\/janfigel.com\/sk\/wp-json\/wp\/v2\/users\/1"}],"replies":[{"embeddable":true,"href":"https:\/\/janfigel.com\/sk\/wp-json\/wp\/v2\/comments?post=18189"}],"version-history":[{"count":5,"href":"https:\/\/janfigel.com\/sk\/wp-json\/wp\/v2\/posts\/18189\/revisions"}],"predecessor-version":[{"id":18237,"href":"https:\/\/janfigel.com\/sk\/wp-json\/wp\/v2\/posts\/18189\/revisions\/18237"}],"wp:featuredmedia":[{"embeddable":true,"href":"https:\/\/janfigel.com\/sk\/wp-json\/wp\/v2\/media\/18118"}],"wp:attachment":[{"href":"https:\/\/janfigel.com\/sk\/wp-json\/wp\/v2\/media?parent=18189"}],"wp:term":[{"taxonomy":"category","embeddable":true,"href":"https:\/\/janfigel.com\/sk\/wp-json\/wp\/v2\/categories?post=18189"},{"taxonomy":"post_tag","embeddable":true,"href":"https:\/\/janfigel.com\/sk\/wp-json\/wp\/v2\/tags?post=18189"}],"curies":[{"name":"wp","href":"https:\/\/api.w.org\/{rel}","templated":true}]}}