{"id":18304,"date":"2026-04-30T22:25:55","date_gmt":"2026-04-30T20:25:55","guid":{"rendered":"https:\/\/janfigel.com\/?p=18304"},"modified":"2026-04-30T22:46:45","modified_gmt":"2026-04-30T20:46:45","slug":"slovensko-v-europskej-unii-z-prvej-ruky-na-stvr","status":"publish","type":"post","link":"https:\/\/janfigel.com\/sk\/2026\/04\/30\/slovensko-v-europskej-unii-z-prvej-ruky-na-stvr\/","title":{"rendered":"Slovensko v Eur\u00f3pskej \u00fanii \u2013 Z prvej ruky na STVR"},"content":{"rendered":"<figure class=\"wp-block-embed is-type-video is-provider-youtube wp-block-embed-youtube wp-embed-aspect-4-3 wp-has-aspect-ratio\"><div class=\"wp-block-embed__wrapper\">\n<iframe loading=\"lazy\" title=\"Slovensko v Eur\u00f3pskej \u00fanii \u2013 Z prvej ruky na STVR\" width=\"500\" height=\"281\" src=\"https:\/\/www.youtube.com\/embed\/9TufJz4bkKY?feature=oembed\" frameborder=\"0\" allow=\"accelerometer; autoplay; clipboard-write; encrypted-media; gyroscope; picture-in-picture; web-share\" referrerpolicy=\"strict-origin-when-cross-origin\" allowfullscreen><\/iframe>\n<\/div><\/figure>\n\n\n\n<p>T\u00e9ma: Slovensko v Eur\u00f3pskej \u00fanii <br>D\u00e1tum vysielania: 30.4.2026 <\/p>\n\n\n\n<p>Hostia: <br>J\u00c1N FIGE\u013d, b\u00fdval\u00fd eurokomis\u00e1r a hlavn\u00fd vyjedn\u00e1va\u010d SR pri vstupe do Eur\u00f3pskej \u00fanie; PETER STANO, ved\u00faci zast\u00fapenia EK na Slovensku; <\/p>\n\n\n\n<p>Moderuje: <br>Nina Belicov\u00e1 Al\u017ebetkinov\u00e1<br><br>https:\/\/www.stvr.sk\/televizia\/archiv\/18783\/595139#0<\/p>","protected":false},"excerpt":{"rendered":"<p>T\u00e9ma: Slovensko v Eur\u00f3pskej \u00fanii D\u00e1tum vysielania: 30.4.2026 Hostia: J\u00c1N FIGE\u013d, b\u00fdval\u00fd eurokomis\u00e1r a hlavn\u00fd vyjedn\u00e1va\u010d SR pri vstupe do Eur\u00f3pskej \u00fanie; PETER STANO, ved\u00faci zast\u00fapenia EK na Slovensku; Moderuje: Nina Belicov\u00e1 Al\u017ebetkinov\u00e1 https:\/\/www.stvr.sk\/televizia\/archiv\/18783\/595139#0<\/p>","protected":false},"author":1,"featured_media":18305,"comment_status":"closed","ping_status":"open","sticky":false,"template":"","format":"standard","meta":{"footnotes":""},"categories":[340],"tags":[553,519,1004,1005],"class_list":["post-18304","post","type-post","status-publish","format-standard","has-post-thumbnail","hentry","category-sk","tag-eu-2","tag-nato","tag-slovensko-v-europskej-unii","tag-vstup-slovenska-do-eu"],"yoast_head":"<!-- This site is optimized with the Yoast SEO plugin v26.7 - https:\/\/yoast.com\/wordpress\/plugins\/seo\/ -->\n<title>Slovensko v Eur\u00f3pskej \u00fanii \u2013 Z prvej ruky na STVR - J\u00e1n Fige\u013e<\/title>\n<meta name=\"robots\" content=\"index, follow, max-snippet:-1, max-image-preview:large, max-video-preview:-1\" \/>\n<link rel=\"canonical\" href=\"https:\/\/janfigel.com\/sk\/2026\/04\/30\/slovensko-v-europskej-unii-z-prvej-ruky-na-stvr\/\" \/>\n<meta property=\"og:locale\" content=\"sk_SK\" \/>\n<meta property=\"og:type\" content=\"article\" \/>\n<meta property=\"og:title\" content=\"Slovensko v Eur\u00f3pskej \u00fanii \u2013 Z prvej ruky na STVR - J\u00e1n Fige\u013e\" \/>\n<meta property=\"og:description\" content=\"T\u00e9ma: Slovensko v Eur\u00f3pskej \u00fanii D\u00e1tum vysielania: 30.4.2026 Hostia: J\u00c1N FIGE\u013d, b\u00fdval\u00fd eurokomis\u00e1r a hlavn\u00fd vyjedn\u00e1va\u010d SR pri vstupe do Eur\u00f3pskej \u00fanie; PETER STANO, ved\u00faci zast\u00fapenia EK na Slovensku; Moderuje: Nina Belicov\u00e1 Al\u017ebetkinov\u00e1 https:\/\/www.stvr.sk\/televizia\/archiv\/18783\/595139#0\" \/>\n<meta property=\"og:url\" content=\"https:\/\/janfigel.com\/sk\/2026\/04\/30\/slovensko-v-europskej-unii-z-prvej-ruky-na-stvr\/\" \/>\n<meta property=\"og:site_name\" content=\"J\u00e1n Fige\u013e\" \/>\n<meta property=\"article:publisher\" content=\"https:\/\/www.facebook.com\/p\/Jn-Fige-prv-slovensk-eurokomisr-100064782245760\/\" \/>\n<meta property=\"article:published_time\" content=\"2026-04-30T20:25:55+00:00\" \/>\n<meta property=\"article:modified_time\" content=\"2026-04-30T20:46:45+00:00\" \/>\n<meta property=\"og:image\" content=\"https:\/\/janfigel.com\/wp-content\/uploads\/2026\/04\/slovensko-v-europskej-unii-z-prvej-ruky-na-stvr.jpg\" \/>\n\t<meta property=\"og:image:width\" content=\"1280\" \/>\n\t<meta property=\"og:image:height\" content=\"720\" \/>\n\t<meta property=\"og:image:type\" content=\"image\/jpeg\" \/>\n<meta name=\"author\" content=\"adamjanfigel\" \/>\n<meta name=\"twitter:card\" content=\"summary_large_image\" \/>\n<meta name=\"twitter:creator\" content=\"@janfigel\" \/>\n<meta name=\"twitter:site\" content=\"@janfigel\" \/>\n<meta name=\"twitter:label1\" content=\"Written by\" \/>\n\t<meta name=\"twitter:data1\" content=\"adamjanfigel\" \/>\n\t<meta name=\"twitter:label2\" content=\"Est. reading time\" \/>\n\t<meta name=\"twitter:data2\" content=\"1 minute\" \/>\n<script type=\"application\/ld+json\" class=\"yoast-schema-graph\">{\"@context\":\"https:\/\/schema.org\",\"@graph\":[{\"@type\":\"Article\",\"@id\":\"https:\/\/janfigel.com\/2026\/04\/30\/slovensko-v-europskej-unii-z-prvej-ruky-na-stvr\/#article\",\"isPartOf\":{\"@id\":\"https:\/\/janfigel.com\/2026\/04\/30\/slovensko-v-europskej-unii-z-prvej-ruky-na-stvr\/\"},\"author\":{\"name\":\"adamjanfigel\",\"@id\":\"https:\/\/janfigel.com\/sk\/#\/schema\/person\/41a139a900161f4b4cab75b4d7c55fc1\"},\"headline\":\"Slovensko v Eur\u00f3pskej \u00fanii \u2013 Z prvej ruky na STVR\",\"datePublished\":\"2026-04-30T20:25:55+00:00\",\"dateModified\":\"2026-04-30T20:46:45+00:00\",\"mainEntityOfPage\":{\"@id\":\"https:\/\/janfigel.com\/2026\/04\/30\/slovensko-v-europskej-unii-z-prvej-ruky-na-stvr\/\"},\"wordCount\":64,\"publisher\":{\"@id\":\"https:\/\/janfigel.com\/sk\/#organization\"},\"image\":{\"@id\":\"https:\/\/janfigel.com\/2026\/04\/30\/slovensko-v-europskej-unii-z-prvej-ruky-na-stvr\/#primaryimage\"},\"thumbnailUrl\":\"https:\/\/janfigel.com\/wp-content\/uploads\/2026\/04\/slovensko-v-europskej-unii-z-prvej-ruky-na-stvr.jpg\",\"keywords\":[\"e\u00fa\",\"nato\",\"Slovensko v Eur\u00f3pskej \u00fanii\",\"Vstup Slovenska do E\u00da\"],\"articleSection\":[\"Slovensky\"],\"inLanguage\":\"sk\"},{\"@type\":\"WebPage\",\"@id\":\"https:\/\/janfigel.com\/2026\/04\/30\/slovensko-v-europskej-unii-z-prvej-ruky-na-stvr\/\",\"url\":\"https:\/\/janfigel.com\/2026\/04\/30\/slovensko-v-europskej-unii-z-prvej-ruky-na-stvr\/\",\"name\":\"Slovensko v Eur\u00f3pskej \u00fanii \u2013 Z prvej ruky na STVR - J\u00e1n Fige\u013e\",\"isPartOf\":{\"@id\":\"https:\/\/janfigel.com\/sk\/#website\"},\"primaryImageOfPage\":{\"@id\":\"https:\/\/janfigel.com\/2026\/04\/30\/slovensko-v-europskej-unii-z-prvej-ruky-na-stvr\/#primaryimage\"},\"image\":{\"@id\":\"https:\/\/janfigel.com\/2026\/04\/30\/slovensko-v-europskej-unii-z-prvej-ruky-na-stvr\/#primaryimage\"},\"thumbnailUrl\":\"https:\/\/janfigel.com\/wp-content\/uploads\/2026\/04\/slovensko-v-europskej-unii-z-prvej-ruky-na-stvr.jpg\",\"datePublished\":\"2026-04-30T20:25:55+00:00\",\"dateModified\":\"2026-04-30T20:46:45+00:00\",\"breadcrumb\":{\"@id\":\"https:\/\/janfigel.com\/2026\/04\/30\/slovensko-v-europskej-unii-z-prvej-ruky-na-stvr\/#breadcrumb\"},\"inLanguage\":\"sk\",\"potentialAction\":[{\"@type\":\"ReadAction\",\"target\":[\"https:\/\/janfigel.com\/2026\/04\/30\/slovensko-v-europskej-unii-z-prvej-ruky-na-stvr\/\"]}]},{\"@type\":\"ImageObject\",\"inLanguage\":\"sk\",\"@id\":\"https:\/\/janfigel.com\/2026\/04\/30\/slovensko-v-europskej-unii-z-prvej-ruky-na-stvr\/#primaryimage\",\"url\":\"https:\/\/janfigel.com\/wp-content\/uploads\/2026\/04\/slovensko-v-europskej-unii-z-prvej-ruky-na-stvr.jpg\",\"contentUrl\":\"https:\/\/janfigel.com\/wp-content\/uploads\/2026\/04\/slovensko-v-europskej-unii-z-prvej-ruky-na-stvr.jpg\",\"width\":1280,\"height\":720},{\"@type\":\"BreadcrumbList\",\"@id\":\"https:\/\/janfigel.com\/2026\/04\/30\/slovensko-v-europskej-unii-z-prvej-ruky-na-stvr\/#breadcrumb\",\"itemListElement\":[{\"@type\":\"ListItem\",\"position\":1,\"name\":\"Home\",\"item\":\"https:\/\/janfigel.com\/\"},{\"@type\":\"ListItem\",\"position\":2,\"name\":\"Slovensko v Eur\u00f3pskej \u00fanii \u2013 Z prvej ruky na STVR\"}]},{\"@type\":\"WebSite\",\"@id\":\"https:\/\/janfigel.com\/sk\/#website\",\"url\":\"https:\/\/janfigel.com\/sk\/\",\"name\":\"J\u00e1n Fige\u013e\",\"description\":\"\",\"publisher\":{\"@id\":\"https:\/\/janfigel.com\/sk\/#organization\"},\"potentialAction\":[{\"@type\":\"SearchAction\",\"target\":{\"@type\":\"EntryPoint\",\"urlTemplate\":\"https:\/\/janfigel.com\/sk\/?s={search_term_string}\"},\"query-input\":{\"@type\":\"PropertyValueSpecification\",\"valueRequired\":true,\"valueName\":\"search_term_string\"}}],\"inLanguage\":\"sk\"},{\"@type\":\"Organization\",\"@id\":\"https:\/\/janfigel.com\/sk\/#organization\",\"name\":\"J\u00e1n Fige\u013e\",\"url\":\"https:\/\/janfigel.com\/sk\/\",\"logo\":{\"@type\":\"ImageObject\",\"inLanguage\":\"sk\",\"@id\":\"https:\/\/janfigel.com\/sk\/#\/schema\/logo\/image\/\",\"url\":\"https:\/\/janfigel.com\/wp-content\/uploads\/2025\/06\/JF_Navy-Blue-1.png\",\"contentUrl\":\"https:\/\/janfigel.com\/wp-content\/uploads\/2025\/06\/JF_Navy-Blue-1.png\",\"width\":2451,\"height\":2451,\"caption\":\"J\u00e1n Fige\u013e\"},\"image\":{\"@id\":\"https:\/\/janfigel.com\/sk\/#\/schema\/logo\/image\/\"},\"sameAs\":[\"https:\/\/www.facebook.com\/p\/Jn-Fige-prv-slovensk-eurokomisr-100064782245760\/\",\"https:\/\/x.com\/janfigel\",\"https:\/\/sk.linkedin.com\/in\/jn-fige-110354126\",\"https:\/\/www.instagram.com\/figeljan\/\",\"https:\/\/www.youtube.com\/@janfigel_eu\"]},{\"@type\":\"Person\",\"@id\":\"https:\/\/janfigel.com\/sk\/#\/schema\/person\/41a139a900161f4b4cab75b4d7c55fc1\",\"name\":\"adamjanfigel\",\"sameAs\":[\"http:\/\/janfigel.com\"],\"url\":\"https:\/\/janfigel.com\/sk\/author\/admin_ajf\/\"}]}<\/script>\n<!-- \/ Yoast SEO plugin. -->","yoast_head_json":{"title":"Slovensko v Eur\u00f3pskej \u00fanii \u2013 Z prvej ruky na STVR - J\u00e1n Fige\u013e","robots":{"index":"index","follow":"follow","max-snippet":"max-snippet:-1","max-image-preview":"max-image-preview:large","max-video-preview":"max-video-preview:-1"},"canonical":"https:\/\/janfigel.com\/sk\/2026\/04\/30\/slovensko-v-europskej-unii-z-prvej-ruky-na-stvr\/","og_locale":"sk_SK","og_type":"article","og_title":"Slovensko v Eur\u00f3pskej \u00fanii \u2013 Z prvej ruky na STVR - J\u00e1n Fige\u013e","og_description":"T\u00e9ma: Slovensko v Eur\u00f3pskej \u00fanii D\u00e1tum vysielania: 30.4.2026 Hostia: J\u00c1N FIGE\u013d, b\u00fdval\u00fd eurokomis\u00e1r a hlavn\u00fd vyjedn\u00e1va\u010d SR pri vstupe do Eur\u00f3pskej \u00fanie; PETER STANO, ved\u00faci zast\u00fapenia EK na Slovensku; Moderuje: Nina Belicov\u00e1 Al\u017ebetkinov\u00e1 https:\/\/www.stvr.sk\/televizia\/archiv\/18783\/595139#0","og_url":"https:\/\/janfigel.com\/sk\/2026\/04\/30\/slovensko-v-europskej-unii-z-prvej-ruky-na-stvr\/","og_site_name":"J\u00e1n Fige\u013e","article_publisher":"https:\/\/www.facebook.com\/p\/Jn-Fige-prv-slovensk-eurokomisr-100064782245760\/","article_published_time":"2026-04-30T20:25:55+00:00","article_modified_time":"2026-04-30T20:46:45+00:00","og_image":[{"width":1280,"height":720,"url":"https:\/\/janfigel.com\/wp-content\/uploads\/2026\/04\/slovensko-v-europskej-unii-z-prvej-ruky-na-stvr.jpg","type":"image\/jpeg"}],"author":"adamjanfigel","twitter_card":"summary_large_image","twitter_creator":"@janfigel","twitter_site":"@janfigel","twitter_misc":{"Written by":"adamjanfigel","Est. reading time":"1 minute"},"schema":{"@context":"https:\/\/schema.org","@graph":[{"@type":"Article","@id":"https:\/\/janfigel.com\/2026\/04\/30\/slovensko-v-europskej-unii-z-prvej-ruky-na-stvr\/#article","isPartOf":{"@id":"https:\/\/janfigel.com\/2026\/04\/30\/slovensko-v-europskej-unii-z-prvej-ruky-na-stvr\/"},"author":{"name":"adamjanfigel","@id":"https:\/\/janfigel.com\/sk\/#\/schema\/person\/41a139a900161f4b4cab75b4d7c55fc1"},"headline":"Slovensko v Eur\u00f3pskej \u00fanii \u2013 Z prvej ruky na STVR","datePublished":"2026-04-30T20:25:55+00:00","dateModified":"2026-04-30T20:46:45+00:00","mainEntityOfPage":{"@id":"https:\/\/janfigel.com\/2026\/04\/30\/slovensko-v-europskej-unii-z-prvej-ruky-na-stvr\/"},"wordCount":64,"publisher":{"@id":"https:\/\/janfigel.com\/sk\/#organization"},"image":{"@id":"https:\/\/janfigel.com\/2026\/04\/30\/slovensko-v-europskej-unii-z-prvej-ruky-na-stvr\/#primaryimage"},"thumbnailUrl":"https:\/\/janfigel.com\/wp-content\/uploads\/2026\/04\/slovensko-v-europskej-unii-z-prvej-ruky-na-stvr.jpg","keywords":["e\u00fa","nato","Slovensko v Eur\u00f3pskej \u00fanii","Vstup Slovenska do E\u00da"],"articleSection":["Slovensky"],"inLanguage":"sk"},{"@type":"WebPage","@id":"https:\/\/janfigel.com\/2026\/04\/30\/slovensko-v-europskej-unii-z-prvej-ruky-na-stvr\/","url":"https:\/\/janfigel.com\/2026\/04\/30\/slovensko-v-europskej-unii-z-prvej-ruky-na-stvr\/","name":"Slovensko v Eur\u00f3pskej \u00fanii \u2013 Z prvej ruky na STVR - J\u00e1n Fige\u013e","isPartOf":{"@id":"https:\/\/janfigel.com\/sk\/#website"},"primaryImageOfPage":{"@id":"https:\/\/janfigel.com\/2026\/04\/30\/slovensko-v-europskej-unii-z-prvej-ruky-na-stvr\/#primaryimage"},"image":{"@id":"https:\/\/janfigel.com\/2026\/04\/30\/slovensko-v-europskej-unii-z-prvej-ruky-na-stvr\/#primaryimage"},"thumbnailUrl":"https:\/\/janfigel.com\/wp-content\/uploads\/2026\/04\/slovensko-v-europskej-unii-z-prvej-ruky-na-stvr.jpg","datePublished":"2026-04-30T20:25:55+00:00","dateModified":"2026-04-30T20:46:45+00:00","breadcrumb":{"@id":"https:\/\/janfigel.com\/2026\/04\/30\/slovensko-v-europskej-unii-z-prvej-ruky-na-stvr\/#breadcrumb"},"inLanguage":"sk","potentialAction":[{"@type":"ReadAction","target":["https:\/\/janfigel.com\/2026\/04\/30\/slovensko-v-europskej-unii-z-prvej-ruky-na-stvr\/"]}]},{"@type":"ImageObject","inLanguage":"sk","@id":"https:\/\/janfigel.com\/2026\/04\/30\/slovensko-v-europskej-unii-z-prvej-ruky-na-stvr\/#primaryimage","url":"https:\/\/janfigel.com\/wp-content\/uploads\/2026\/04\/slovensko-v-europskej-unii-z-prvej-ruky-na-stvr.jpg","contentUrl":"https:\/\/janfigel.com\/wp-content\/uploads\/2026\/04\/slovensko-v-europskej-unii-z-prvej-ruky-na-stvr.jpg","width":1280,"height":720},{"@type":"BreadcrumbList","@id":"https:\/\/janfigel.com\/2026\/04\/30\/slovensko-v-europskej-unii-z-prvej-ruky-na-stvr\/#breadcrumb","itemListElement":[{"@type":"ListItem","position":1,"name":"Home","item":"https:\/\/janfigel.com\/"},{"@type":"ListItem","position":2,"name":"Slovensko v Eur\u00f3pskej \u00fanii \u2013 Z prvej ruky na STVR"}]},{"@type":"WebSite","@id":"https:\/\/janfigel.com\/sk\/#website","url":"https:\/\/janfigel.com\/sk\/","name":"J\u00e1n Fige\u013e","description":"","publisher":{"@id":"https:\/\/janfigel.com\/sk\/#organization"},"potentialAction":[{"@type":"SearchAction","target":{"@type":"EntryPoint","urlTemplate":"https:\/\/janfigel.com\/sk\/?s={search_term_string}"},"query-input":{"@type":"PropertyValueSpecification","valueRequired":true,"valueName":"search_term_string"}}],"inLanguage":"sk"},{"@type":"Organization","@id":"https:\/\/janfigel.com\/sk\/#organization","name":"J\u00e1n Fige\u013e","url":"https:\/\/janfigel.com\/sk\/","logo":{"@type":"ImageObject","inLanguage":"sk","@id":"https:\/\/janfigel.com\/sk\/#\/schema\/logo\/image\/","url":"https:\/\/janfigel.com\/wp-content\/uploads\/2025\/06\/JF_Navy-Blue-1.png","contentUrl":"https:\/\/janfigel.com\/wp-content\/uploads\/2025\/06\/JF_Navy-Blue-1.png","width":2451,"height":2451,"caption":"J\u00e1n Fige\u013e"},"image":{"@id":"https:\/\/janfigel.com\/sk\/#\/schema\/logo\/image\/"},"sameAs":["https:\/\/www.facebook.com\/p\/Jn-Fige-prv-slovensk-eurokomisr-100064782245760\/","https:\/\/x.com\/janfigel","https:\/\/sk.linkedin.com\/in\/jn-fige-110354126","https:\/\/www.instagram.com\/figeljan\/","https:\/\/www.youtube.com\/@janfigel_eu"]},{"@type":"Person","@id":"https:\/\/janfigel.com\/sk\/#\/schema\/person\/41a139a900161f4b4cab75b4d7c55fc1","name":"adamjanfigel","sameAs":["http:\/\/janfigel.com"],"url":"https:\/\/janfigel.com\/sk\/author\/admin_ajf\/"}]}},"_links":{"self":[{"href":"https:\/\/janfigel.com\/sk\/wp-json\/wp\/v2\/posts\/18304","targetHints":{"allow":["GET"]}}],"collection":[{"href":"https:\/\/janfigel.com\/sk\/wp-json\/wp\/v2\/posts"}],"about":[{"href":"https:\/\/janfigel.com\/sk\/wp-json\/wp\/v2\/types\/post"}],"author":[{"embeddable":true,"href":"https:\/\/janfigel.com\/sk\/wp-json\/wp\/v2\/users\/1"}],"replies":[{"embeddable":true,"href":"https:\/\/janfigel.com\/sk\/wp-json\/wp\/v2\/comments?post=18304"}],"version-history":[{"count":2,"href":"https:\/\/janfigel.com\/sk\/wp-json\/wp\/v2\/posts\/18304\/revisions"}],"predecessor-version":[{"id":18307,"href":"https:\/\/janfigel.com\/sk\/wp-json\/wp\/v2\/posts\/18304\/revisions\/18307"}],"wp:featuredmedia":[{"embeddable":true,"href":"https:\/\/janfigel.com\/sk\/wp-json\/wp\/v2\/media\/18305"}],"wp:attachment":[{"href":"https:\/\/janfigel.com\/sk\/wp-json\/wp\/v2\/media?parent=18304"}],"wp:term":[{"taxonomy":"category","embeddable":true,"href":"https:\/\/janfigel.com\/sk\/wp-json\/wp\/v2\/categories?post=18304"},{"taxonomy":"post_tag","embeddable":true,"href":"https:\/\/janfigel.com\/sk\/wp-json\/wp\/v2\/tags?post=18304"}],"curies":[{"name":"wp","href":"https:\/\/api.w.org\/{rel}","templated":true}]}}